{"id":925,"date":"2023-11-09T14:12:12","date_gmt":"2023-11-09T14:12:12","guid":{"rendered":"https:\/\/vehirlife.hu\/?p=925"},"modified":"2023-11-13T11:21:43","modified_gmt":"2023-11-13T11:21:43","slug":"ket-nobel-dijat-is-magyarok-nyertek-el","status":"publish","type":"post","link":"https:\/\/vehirlife.hu\/index.php\/2023\/11\/09\/ket-nobel-dijat-is-magyarok-nyertek-el\/","title":{"rendered":"K\u00e9t Nobel-d\u00edjat is magyarok nyertek el"},"content":{"rendered":"\t\t<div data-elementor-type=\"wp-post\" data-elementor-id=\"925\" class=\"elementor elementor-925\">\n\t\t\t\t<div class=\"elementor-element elementor-element-2aa64a9 e-flex e-con-boxed e-con e-parent\" data-id=\"2aa64a9\" data-element_type=\"container\" data-e-type=\"container\">\n\t\t\t\t\t<div class=\"e-con-inner\">\n\t\t\t\t<div class=\"elementor-element elementor-element-9af4cd8 elementor-widget__width-inherit elementor-widget elementor-widget-image\" data-id=\"9af4cd8\" data-element_type=\"widget\" data-e-type=\"widget\" data-widget_type=\"image.default\">\n\t\t\t\t<div class=\"elementor-widget-container\">\n\t\t\t\t\t\t\t\t\t\t\t\t\t\t\t<img fetchpriority=\"high\" decoding=\"async\" width=\"2000\" height=\"1058\" src=\"https:\/\/vehirlife.hu\/wp-content\/uploads\/2023\/11\/nobeldijasok.jpeg\" class=\"attachment-full size-full wp-image-926\" alt=\"\" srcset=\"https:\/\/vehirlife.hu\/wp-content\/uploads\/2023\/11\/nobeldijasok.jpeg 2000w, https:\/\/vehirlife.hu\/wp-content\/uploads\/2023\/11\/nobeldijasok-300x159.jpeg 300w, https:\/\/vehirlife.hu\/wp-content\/uploads\/2023\/11\/nobeldijasok-1024x542.jpeg 1024w, https:\/\/vehirlife.hu\/wp-content\/uploads\/2023\/11\/nobeldijasok-768x406.jpeg 768w, https:\/\/vehirlife.hu\/wp-content\/uploads\/2023\/11\/nobeldijasok-1536x813.jpeg 1536w\" sizes=\"(max-width: 2000px) 100vw, 2000px\" \/>\t\t\t\t\t\t\t\t\t\t\t\t\t\t\t<\/div>\n\t\t\t\t<\/div>\n\t\t\t\t\t<\/div>\n\t\t\t\t<\/div>\n\t\t<div class=\"elementor-element elementor-element-b6d41bb e-flex e-con-boxed e-con e-parent\" data-id=\"b6d41bb\" data-element_type=\"container\" data-e-type=\"container\">\n\t\t\t\t\t<div class=\"e-con-inner\">\n\t\t\t\t<div class=\"elementor-element elementor-element-2f72d8e elementor-widget elementor-widget-heading\" data-id=\"2f72d8e\" data-element_type=\"widget\" data-e-type=\"widget\" data-widget_type=\"heading.default\">\n\t\t\t\t<div class=\"elementor-widget-container\">\n\t\t\t\t\t<h1 class=\"elementor-heading-title elementor-size-default\">K\u00e9t Nobel-d\u00edjat is magyarok nyertek el<\/h1>\t\t\t\t<\/div>\n\t\t\t\t<\/div>\n\t\t\t\t<div class=\"elementor-element elementor-element-c22fa0f elementor-widget-divider--view-line elementor-widget elementor-widget-divider\" data-id=\"c22fa0f\" data-element_type=\"widget\" data-e-type=\"widget\" data-widget_type=\"divider.default\">\n\t\t\t\t<div class=\"elementor-widget-container\">\n\t\t\t\t\t\t\t<div class=\"elementor-divider\">\n\t\t\t<span class=\"elementor-divider-separator\">\n\t\t\t\t\t\t<\/span>\n\t\t<\/div>\n\t\t\t\t\t\t<\/div>\n\t\t\t\t<\/div>\n\t\t\t\t\t<\/div>\n\t\t\t\t<\/div>\n\t\t<div class=\"elementor-element elementor-element-ff8d950 e-flex e-con-boxed e-con e-parent\" data-id=\"ff8d950\" data-element_type=\"container\" data-e-type=\"container\">\n\t\t\t\t\t<div class=\"e-con-inner\">\n\t\t\t\t<div class=\"elementor-element elementor-element-6a17d3f elementor-drop-cap-yes elementor-drop-cap-view-default elementor-widget elementor-widget-text-editor\" data-id=\"6a17d3f\" data-element_type=\"widget\" data-e-type=\"widget\" data-settings=\"{&quot;drop_cap&quot;:&quot;yes&quot;}\" data-widget_type=\"text-editor.default\">\n\t\t\t\t<div class=\"elementor-widget-container\">\n\t\t\t\t\t\t\t\t\t<p class=\"p1\"><span class=\"s1\">Mi\u00f3ta kider\u00fclt, hogy a Covid-19 elleni hat\u00e1sos mRNS-alap\u00fa vakcina kifejleszt\u00e9s\u00e9ben, \u00e9s \u00edgy a modern kor egyik legs\u00falyosabb, emberi eg\u00e9szs\u00e9get fenyeget\u0151 vesz\u00e9ly\u00e9nek megf\u00e9kez\u00e9s\u00e9ben jelent\u0151s szerepe volt <i>Karik\u00f3 Katalin<\/i>nak, a f\u00e9l orsz\u00e1g azt v\u00e1rta, mikor \u00edt\u00e9lik oda neki a Nobel-d\u00edjat. Pedig volt olyan id\u0151szak a magyar biok\u00e9mikus \u00e9let\u00e9ben, amikor se \u00e1ll\u00e1sa, se csoportja nem volt, csak a laborban szorgoskodott, \u00e9s sok\u00e1ig a nev\u00e9t sem ismerte itthon a szakm\u00e1n k\u00edv\u00fcli k\u00f6z\u00f6ss\u00e9g. Most m\u00e9gis elj\u00f6tt ez a pillanat: Karik\u00f3 Drew Weissman amerikai mikrobiol\u00f3gussal megosztva veheti \u00e1t december 10-\u00e9n az mRNS vakcin\u00e1k kifejleszt\u00e9s\u00e9t lehet\u0151v\u00e9 tev\u0151 nukleozid m\u00f3dos\u00edt\u00e1ssal kapcsolatos felfedez\u00e9sei\u00e9rt oda\u00edt\u00e9lt orvosi-\u00e9lettani Nobel d\u00edjat, illetve az azzal j\u00e1r\u00f3 11 milli\u00f3 sv\u00e9d koron\u00e1t (kb. 368 milli\u00f3 forintnyi \u00f6sszeget). De nem csak r\u00e1 lehet\u00fcnk b\u00fcszk\u00e9k: Pierre Agostini \u00e9s Anne L\u2019Huillier mellett a fizikai Nobel-d\u00edjat is egy magyar, <i>Krausz Ferenc <\/i>kapja, akinek a kutat\u00f3csoportja els\u0151k\u00e9nt \u00e1ll\u00edtott el\u0151 \u00e9s m\u00e9rt meg attoszekundumos f\u00e9nyimpulzust, \u00e9s haszn\u00e1lta fel az elektronok atomon bel\u00fcli mozg\u00e1s\u00e1nak felt\u00e9rk\u00e9pez\u00e9s\u00e9re, megalapozva az attofizika tudom\u00e1ny\u00e1t.<\/span><\/p><p class=\"p1\"><em><span class=\"s1\">Fot\u00f3: MTI<\/span><\/em><\/p>\t\t\t\t\t\t\t\t<\/div>\n\t\t\t\t<\/div>\n\t\t\t\t<div class=\"elementor-element elementor-element-a18b4d4 upk-ss-btns-style-minimal upk-ss-btns-view-icon-text upk-layout-style--inline upk-ss-position--default upk-ss-btns-color-original elementor-widget elementor-widget-upk-social-share\" data-id=\"a18b4d4\" data-element_type=\"widget\" data-e-type=\"widget\" data-widget_type=\"upk-social-share.default\">\n\t\t\t\t<div class=\"elementor-widget-container\">\n\t\t\t\t\t\t\t<div class=\"upk-social-share upk-ep-grid\">\n\t\t\t\t\t\t\t<div class=\"upk-social-share-item upk-ep-grid-item\">\n\t\t\t\t\t<div class=\"upk-ss-btn upk-ss-facebook\" data-social=\"facebook\">\n\t\t\t\t\t\t\t\t\t\t\t\t\t<span class=\"upk-ss-icon\">\n\t\t\t\t\t\t\t\t<i class=\"upk-icon-facebook\"><\/i>\n\t\t\t\t\t\t\t<\/span>\n\t\t\t\t\t\t\t\t\t\t\t\t\t\t\t\t\t\t\t<div class=\"upk-social-share-text upk-inline\">\n\t\t\t\t\t\t\t\t\t\t\t\t\t\t\t\t\t<span class=\"upk-social-share-title\">\n\t\t\t\t\t\t\t\t\t\tFacebook\t\t\t\t\t\t\t\t\t<\/span>\n\t\t\t\t\t\t\t\t\t\t\t\t\t\t\t\t\t\t\t\t\t\t\t<\/div>\n\t\t\t\t\t\t\t\t\t\t\t<\/div>\n\t\t\t\t<\/div>\n\t\t\t\t\t\t\t\t<div class=\"upk-social-share-item upk-ep-grid-item\">\n\t\t\t\t\t<div class=\"upk-ss-btn upk-ss-linkedin\" data-social=\"linkedin\">\n\t\t\t\t\t\t\t\t\t\t\t\t\t<span class=\"upk-ss-icon\">\n\t\t\t\t\t\t\t\t<i class=\"upk-icon-linkedin\"><\/i>\n\t\t\t\t\t\t\t<\/span>\n\t\t\t\t\t\t\t\t\t\t\t\t\t\t\t\t\t\t\t<div class=\"upk-social-share-text upk-inline\">\n\t\t\t\t\t\t\t\t\t\t\t\t\t\t\t\t\t<span class=\"upk-social-share-title\">\n\t\t\t\t\t\t\t\t\t\tLinkedin\t\t\t\t\t\t\t\t\t<\/span>\n\t\t\t\t\t\t\t\t\t\t\t\t\t\t\t\t\t\t\t\t\t\t\t<\/div>\n\t\t\t\t\t\t\t\t\t\t\t<\/div>\n\t\t\t\t<\/div>\n\t\t\t\t\t\t\t\t<div class=\"upk-social-share-item upk-ep-grid-item\">\n\t\t\t\t\t<div class=\"upk-ss-btn upk-ss-twitter\" data-social=\"twitter\">\n\t\t\t\t\t\t\t\t\t\t\t\t\t<span class=\"upk-ss-icon\">\n\t\t\t\t\t\t\t\t<i class=\"upk-icon-twitter\"><\/i>\n\t\t\t\t\t\t\t<\/span>\n\t\t\t\t\t\t\t\t\t\t\t\t\t\t\t\t\t\t\t<div class=\"upk-social-share-text upk-inline\">\n\t\t\t\t\t\t\t\t\t\t\t\t\t\t\t\t\t<span class=\"upk-social-share-title\">\n\t\t\t\t\t\t\t\t\t\tTwitter\t\t\t\t\t\t\t\t\t<\/span>\n\t\t\t\t\t\t\t\t\t\t\t\t\t\t\t\t\t\t\t\t\t\t\t<\/div>\n\t\t\t\t\t\t\t\t\t\t\t<\/div>\n\t\t\t\t<\/div>\n\t\t\t\t\t\t\t\t<div class=\"upk-social-share-item upk-ep-grid-item\">\n\t\t\t\t\t<div class=\"upk-ss-btn upk-ss-pinterest\" data-social=\"pinterest\">\n\t\t\t\t\t\t\t\t\t\t\t\t\t<span class=\"upk-ss-icon\">\n\t\t\t\t\t\t\t\t<i class=\"upk-icon-pinterest\"><\/i>\n\t\t\t\t\t\t\t<\/span>\n\t\t\t\t\t\t\t\t\t\t\t\t\t\t\t\t\t\t\t<div class=\"upk-social-share-text upk-inline\">\n\t\t\t\t\t\t\t\t\t\t\t\t\t\t\t\t\t<span class=\"upk-social-share-title\">\n\t\t\t\t\t\t\t\t\t\tPinterest\t\t\t\t\t\t\t\t\t<\/span>\n\t\t\t\t\t\t\t\t\t\t\t\t\t\t\t\t\t\t\t\t\t\t\t<\/div>\n\t\t\t\t\t\t\t\t\t\t\t<\/div>\n\t\t\t\t<\/div>\n\t\t\t\t\t\t<\/div>\n\n\t\t\n\t\t\t\t\t\t<\/div>\n\t\t\t\t<\/div>\n\t\t\t\t\t<\/div>\n\t\t\t\t<\/div>\n\t\t\t\t<\/div>\n\t\t","protected":false},"excerpt":{"rendered":"<p>K\u00e9t Nobel-d\u00edjat is magyarok nyertek el Mi\u00f3ta kider\u00fclt, hogy a Covid-19 elleni hat\u00e1sos mRNS-alap\u00fa vakcina kifejleszt\u00e9s\u00e9ben, \u00e9s \u00edgy a modern kor egyik legs\u00falyosabb, emberi eg\u00e9szs\u00e9get fenyeget\u0151 vesz\u00e9ly\u00e9nek megf\u00e9kez\u00e9s\u00e9ben jelent\u0151s szerepe volt Karik\u00f3 Katalinnak, a f\u00e9l orsz\u00e1g azt v\u00e1rta, mikor \u00edt\u00e9lik oda neki a Nobel-d\u00edjat. Pedig volt olyan id\u0151szak a magyar biok\u00e9mikus \u00e9let\u00e9ben, amikor se \u00e1ll\u00e1sa, &#8230; <a title=\"K\u00e9t Nobel-d\u00edjat is magyarok nyertek el\" class=\"read-more\" href=\"https:\/\/vehirlife.hu\/index.php\/2023\/11\/09\/ket-nobel-dijat-is-magyarok-nyertek-el\/\" aria-label=\"Read more about K\u00e9t Nobel-d\u00edjat is magyarok nyertek el\">Olvass tov\u00e1bb<\/a><\/p>\n","protected":false},"author":1,"featured_media":926,"comment_status":"closed","ping_status":"closed","sticky":false,"template":"elementor_header_footer","format":"standard","meta":{"footnotes":""},"categories":[74,13],"tags":[73,14,15,16,17],"class_list":["post-925","post","type-post","status-publish","format-standard","has-post-thumbnail","hentry","category-2023-osz","category-projekt","tag-2023-osz","tag-kariko-katalin","tag-krausz-ferenc","tag-nobel-dij","tag-projekt"],"wpmagazine_modules_lite_featured_media_urls":{"thumbnail":["https:\/\/vehirlife.hu\/wp-content\/uploads\/2023\/11\/nobeldijasok-150x150.jpeg",150,150,true],"cvmm-medium":["https:\/\/vehirlife.hu\/wp-content\/uploads\/2023\/11\/nobeldijasok-300x300.jpeg",300,300,true],"cvmm-medium-plus":["https:\/\/vehirlife.hu\/wp-content\/uploads\/2023\/11\/nobeldijasok-305x207.jpeg",305,207,true],"cvmm-portrait":["https:\/\/vehirlife.hu\/wp-content\/uploads\/2023\/11\/nobeldijasok-400x600.jpeg",400,600,true],"cvmm-medium-square":["https:\/\/vehirlife.hu\/wp-content\/uploads\/2023\/11\/nobeldijasok-600x600.jpeg",600,600,true],"cvmm-large":["https:\/\/vehirlife.hu\/wp-content\/uploads\/2023\/11\/nobeldijasok-1024x1024.jpeg",1024,1024,true],"cvmm-small":["https:\/\/vehirlife.hu\/wp-content\/uploads\/2023\/11\/nobeldijasok-130x95.jpeg",130,95,true],"full":["https:\/\/vehirlife.hu\/wp-content\/uploads\/2023\/11\/nobeldijasok.jpeg",2000,1058,false]},"categories_names":{"74":{"name":"2023 \u0151sz","link":"https:\/\/vehirlife.hu\/index.php\/category\/2023-osz\/"},"13":{"name":"Projekt","link":"https:\/\/vehirlife.hu\/index.php\/category\/projekt\/"}},"tags_names":{"73":{"name":"2023 \u0151sz","link":"https:\/\/vehirlife.hu\/index.php\/tag\/2023-osz\/"},"14":{"name":"Karik\u00f3 Katalin","link":"https:\/\/vehirlife.hu\/index.php\/tag\/kariko-katalin\/"},"15":{"name":"Krausz Ferenc","link":"https:\/\/vehirlife.hu\/index.php\/tag\/krausz-ferenc\/"},"16":{"name":"Nobel-d\u00edj","link":"https:\/\/vehirlife.hu\/index.php\/tag\/nobel-dij\/"},"17":{"name":"Projekt","link":"https:\/\/vehirlife.hu\/index.php\/tag\/projekt\/"}},"comments_number":"0","rttpg_featured_image_url":{"full":["https:\/\/vehirlife.hu\/wp-content\/uploads\/2023\/11\/nobeldijasok.jpeg",2000,1058,false],"landscape":["https:\/\/vehirlife.hu\/wp-content\/uploads\/2023\/11\/nobeldijasok.jpeg",2000,1058,false],"portraits":["https:\/\/vehirlife.hu\/wp-content\/uploads\/2023\/11\/nobeldijasok.jpeg",2000,1058,false],"thumbnail":["https:\/\/vehirlife.hu\/wp-content\/uploads\/2023\/11\/nobeldijasok-150x150.jpeg",150,150,true],"medium":["https:\/\/vehirlife.hu\/wp-content\/uploads\/2023\/11\/nobeldijasok-300x159.jpeg",300,159,true],"large":["https:\/\/vehirlife.hu\/wp-content\/uploads\/2023\/11\/nobeldijasok-1024x542.jpeg",1024,542,true],"1536x1536":["https:\/\/vehirlife.hu\/wp-content\/uploads\/2023\/11\/nobeldijasok-1536x813.jpeg",1536,813,true],"2048x2048":["https:\/\/vehirlife.hu\/wp-content\/uploads\/2023\/11\/nobeldijasok.jpeg",2000,1058,false],"cvmm-medium":["https:\/\/vehirlife.hu\/wp-content\/uploads\/2023\/11\/nobeldijasok-300x300.jpeg",300,300,true],"cvmm-medium-plus":["https:\/\/vehirlife.hu\/wp-content\/uploads\/2023\/11\/nobeldijasok-305x207.jpeg",305,207,true],"cvmm-portrait":["https:\/\/vehirlife.hu\/wp-content\/uploads\/2023\/11\/nobeldijasok-400x600.jpeg",400,600,true],"cvmm-medium-square":["https:\/\/vehirlife.hu\/wp-content\/uploads\/2023\/11\/nobeldijasok-600x600.jpeg",600,600,true],"cvmm-large":["https:\/\/vehirlife.hu\/wp-content\/uploads\/2023\/11\/nobeldijasok-1024x1024.jpeg",1024,1024,true],"cvmm-small":["https:\/\/vehirlife.hu\/wp-content\/uploads\/2023\/11\/nobeldijasok-130x95.jpeg",130,95,true]},"rttpg_author":{"display_name":false,"author_link":"https:\/\/vehirlife.hu\/index.php\/author\/admin_2uh85u12\/"},"rttpg_comment":0,"rttpg_category":"<a href=\"https:\/\/vehirlife.hu\/index.php\/category\/2023-osz\/\" rel=\"category tag\">2023 \u0151sz<\/a> <a href=\"https:\/\/vehirlife.hu\/index.php\/category\/projekt\/\" rel=\"category tag\">Projekt<\/a>","rttpg_excerpt":"K\u00e9t Nobel-d\u00edjat is magyarok nyertek el Mi\u00f3ta kider\u00fclt, hogy a Covid-19 elleni hat\u00e1sos mRNS-alap\u00fa vakcina kifejleszt\u00e9s\u00e9ben, \u00e9s \u00edgy a modern kor egyik legs\u00falyosabb, emberi eg\u00e9szs\u00e9get fenyeget\u0151 vesz\u00e9ly\u00e9nek megf\u00e9kez\u00e9s\u00e9ben jelent\u0151s szerepe volt Karik\u00f3 Katalinnak, a f\u00e9l orsz\u00e1g azt v\u00e1rta, mikor \u00edt\u00e9lik oda neki a Nobel-d\u00edjat. Pedig volt olyan id\u0151szak a magyar biok\u00e9mikus \u00e9let\u00e9ben, amikor se \u00e1ll\u00e1sa,&hellip;","_links":{"self":[{"href":"https:\/\/vehirlife.hu\/index.php\/wp-json\/wp\/v2\/posts\/925","targetHints":{"allow":["GET"]}}],"collection":[{"href":"https:\/\/vehirlife.hu\/index.php\/wp-json\/wp\/v2\/posts"}],"about":[{"href":"https:\/\/vehirlife.hu\/index.php\/wp-json\/wp\/v2\/types\/post"}],"author":[{"embeddable":true,"href":"https:\/\/vehirlife.hu\/index.php\/wp-json\/wp\/v2\/users\/1"}],"replies":[{"embeddable":true,"href":"https:\/\/vehirlife.hu\/index.php\/wp-json\/wp\/v2\/comments?post=925"}],"version-history":[{"count":30,"href":"https:\/\/vehirlife.hu\/index.php\/wp-json\/wp\/v2\/posts\/925\/revisions"}],"predecessor-version":[{"id":1398,"href":"https:\/\/vehirlife.hu\/index.php\/wp-json\/wp\/v2\/posts\/925\/revisions\/1398"}],"wp:featuredmedia":[{"embeddable":true,"href":"https:\/\/vehirlife.hu\/index.php\/wp-json\/wp\/v2\/media\/926"}],"wp:attachment":[{"href":"https:\/\/vehirlife.hu\/index.php\/wp-json\/wp\/v2\/media?parent=925"}],"wp:term":[{"taxonomy":"category","embeddable":true,"href":"https:\/\/vehirlife.hu\/index.php\/wp-json\/wp\/v2\/categories?post=925"},{"taxonomy":"post_tag","embeddable":true,"href":"https:\/\/vehirlife.hu\/index.php\/wp-json\/wp\/v2\/tags?post=925"}],"curies":[{"name":"wp","href":"https:\/\/api.w.org\/{rel}","templated":true}]}}