{"id":2079,"date":"2024-05-30T13:57:19","date_gmt":"2024-05-30T13:57:19","guid":{"rendered":"https:\/\/vehirlife.hu\/?p=2079"},"modified":"2024-05-30T14:02:40","modified_gmt":"2024-05-30T14:02:40","slug":"amit-a-fejembe-veszek-azt-vegig-is-viszem-3","status":"publish","type":"post","link":"https:\/\/vehirlife.hu\/index.php\/2024\/05\/30\/amit-a-fejembe-veszek-azt-vegig-is-viszem-3\/","title":{"rendered":"What the rug?!"},"content":{"rendered":"\t\t<div data-elementor-type=\"wp-post\" data-elementor-id=\"2079\" class=\"elementor elementor-2079\">\n\t\t\t\t<div class=\"elementor-element elementor-element-2aa64a9 e-flex e-con-boxed e-con e-parent\" data-id=\"2aa64a9\" data-element_type=\"container\" data-e-type=\"container\">\n\t\t\t\t\t<div class=\"e-con-inner\">\n\t\t\t\t<div class=\"elementor-element elementor-element-9af4cd8 elementor-widget__width-inherit elementor-widget elementor-widget-image\" data-id=\"9af4cd8\" data-element_type=\"widget\" data-e-type=\"widget\" data-widget_type=\"image.default\">\n\t\t\t\t<div class=\"elementor-widget-container\">\n\t\t\t\t\t\t\t\t\t\t\t\t\t\t\t<img fetchpriority=\"high\" decoding=\"async\" width=\"1076\" height=\"1113\" src=\"https:\/\/vehirlife.hu\/wp-content\/uploads\/2024\/05\/menta.jpg\" class=\"attachment-full size-full wp-image-2080\" alt=\"\" srcset=\"https:\/\/vehirlife.hu\/wp-content\/uploads\/2024\/05\/menta.jpg 1076w, https:\/\/vehirlife.hu\/wp-content\/uploads\/2024\/05\/menta-290x300.jpg 290w, https:\/\/vehirlife.hu\/wp-content\/uploads\/2024\/05\/menta-990x1024.jpg 990w, https:\/\/vehirlife.hu\/wp-content\/uploads\/2024\/05\/menta-768x794.jpg 768w\" sizes=\"(max-width: 1076px) 100vw, 1076px\" \/>\t\t\t\t\t\t\t\t\t\t\t\t\t\t\t<\/div>\n\t\t\t\t<\/div>\n\t\t\t\t\t<\/div>\n\t\t\t\t<\/div>\n\t\t<div class=\"elementor-element elementor-element-b6d41bb e-flex e-con-boxed e-con e-parent\" data-id=\"b6d41bb\" data-element_type=\"container\" data-e-type=\"container\">\n\t\t\t\t\t<div class=\"e-con-inner\">\n\t\t\t\t<div class=\"elementor-element elementor-element-2f72d8e elementor-widget elementor-widget-heading\" data-id=\"2f72d8e\" data-element_type=\"widget\" data-e-type=\"widget\" data-widget_type=\"heading.default\">\n\t\t\t\t<div class=\"elementor-widget-container\">\n\t\t\t\t\t<h1 class=\"elementor-heading-title elementor-size-default\">What the rug?!<\/h1>\t\t\t\t<\/div>\n\t\t\t\t<\/div>\n\t\t\t\t<div class=\"elementor-element elementor-element-e45bc39 elementor-widget elementor-widget-text-editor\" data-id=\"e45bc39\" data-element_type=\"widget\" data-e-type=\"widget\" data-widget_type=\"text-editor.default\">\n\t\t\t\t<div class=\"elementor-widget-container\">\n\t\t\t\t\t\t\t\t\t<p><strong>Hatvan \u00f3r\u00e1nyi munka \u00e9s n\u00e9gy kil\u00f3m\u00e9ter hossz\u00fa fon\u00e1l. Ez csak p\u00e1r adat, ami Ozsv\u00e1th Gergely \u201eMentha\u201d egyik leg\u00fajabb alkot\u00e1s\u00e1t jellemzi. A rappert nem kell Veszpr\u00e9mben senkinek bemutatni, hiszen a huszon\u00f6t \u00e9ve fenn\u00e1ll\u00f3 H\u0151s\u00f6k rap form\u00e1ci\u00f3 egyik frontembere kreat\u00edv sokoldal\u00fas\u00e1g\u00e1r\u00f3l m\u00e1r mindenki sz\u00e1m\u00e1ra ismert.<\/strong><\/p>\t\t\t\t\t\t\t\t<\/div>\n\t\t\t\t<\/div>\n\t\t\t\t<div class=\"elementor-element elementor-element-c22fa0f elementor-widget-divider--view-line elementor-widget elementor-widget-divider\" data-id=\"c22fa0f\" data-element_type=\"widget\" data-e-type=\"widget\" data-widget_type=\"divider.default\">\n\t\t\t\t<div class=\"elementor-widget-container\">\n\t\t\t\t\t\t\t<div class=\"elementor-divider\">\n\t\t\t<span class=\"elementor-divider-separator\">\n\t\t\t\t\t\t<\/span>\n\t\t<\/div>\n\t\t\t\t\t\t<\/div>\n\t\t\t\t<\/div>\n\t\t\t\t\t<\/div>\n\t\t\t\t<\/div>\n\t\t<div class=\"elementor-element elementor-element-a9dfc9b e-flex e-con-boxed e-con e-parent\" data-id=\"a9dfc9b\" data-element_type=\"container\" data-e-type=\"container\">\n\t\t\t\t\t<div class=\"e-con-inner\">\n\t\t\t\t<div class=\"elementor-element elementor-element-4c4a5fb elementor-widget elementor-widget-text-editor\" data-id=\"4c4a5fb\" data-element_type=\"widget\" data-e-type=\"widget\" data-widget_type=\"text-editor.default\">\n\t\t\t\t<div class=\"elementor-widget-container\">\n\t\t\t\t\t\t\t\t\t<p>Egy igaz\u00e1n j\u00f3 m\u0171v\u00e9sz arr\u00f3l ismerszik meg, hogy k\u00e9pes a folyamatos meg\u00fajul\u00e1sra, halad a korral, Gerg\u0151 pedig mindig \u00fajabb \u00e9s \u00fajabb v\u00e1ratlan \u00f6tletekkel lepi meg azokat, akik k\u00f6vetik munk\u00e1ss\u00e1g\u00e1t. A zene eg\u00e9sz \u00e9let\u00e9t v\u00e9gig k\u00eds\u00e9rte, emellett pedig orsz\u00e1gszerte tal\u00e1lkozhatunk nagyszab\u00e1s\u00fa graffitijeivel, vagy a hatalmas mur\u00e1lokkal, amelyeket az Eur\u00f3pa Kultur\u00e1lis F\u0151v\u00e1rosa \u00e9v\u00e9ben v\u00e1rosunkban festett a t\u00edzemeletes h\u00e1zak falaira. \u00daj szenved\u00e9ly\u00e9ben a mikrofont \u00e9s ecsetet a fon\u00e1lra cser\u00e9lte, \u2013 legal\u00e1bbis id\u0151szakosan &#8211; de itt nem a nagymam\u00e1ink-f\u00e9le fali sz\u0151ttesekre kell gondolnunk, hanem egy olyan v\u00e1llalkoz\u00e1sra, amely k\u00fclf\u00f6ld\u00f6n m\u00e1r nagy n\u00e9pszer\u0171s\u00e9gnek \u00f6rvend, de haz\u00e1nkban a rapper az els\u0151 alkot\u00f3k k\u00f6z\u00f6tt van.<\/p><p>Az extr\u00e9m sz\u0151nyegek k\u00e9sz\u00edt\u00e9s\u00e9nek technik\u00e1j\u00e1t a h\u00edres k\u00f6z\u00f6ss\u00e9gi m\u00e9dia oldalon, a TikTokon l\u00e1tta, majd autodidakta m\u00f3don elsaj\u00e1t\u00edtotta annak fort\u00e9lyait. Az el\u00e9rhet\u0151 eszk\u00f6z\u00f6ket Amerik\u00e1b\u00f3l szerezte be, de a keretet, amely v\u00e1szonk\u00e9nt szolg\u00e1l a m\u0171nek, saj\u00e1t maga \u00e1csolta \u00f6ssze. Gerg\u0151 k\u00e9z\u00fcgyess\u00e9g\u00e9nek \u00e9s fant\u00e1zi\u00e1j\u00e1nak k\u00f6sz\u00f6nhet\u0151en b\u00e1rmilyen mint\u00e1t el tud k\u00e9sz\u00edteni, hiszen saj\u00e1t maga rajzolja meg el\u0151re a form\u00e1kat, \u00edgy a lehetetlen itt nem l\u00e9tezik, egyel\u0151re csak a m\u00e9retekben \u00fctk\u00f6zik akad\u00e1lyokba, a limit most m\u00e9g a 2&#215;2 m\u00e9teres nagys\u00e1g.<\/p>\t\t\t\t\t\t\t\t<\/div>\n\t\t\t\t<\/div>\n\t\t\t\t\t<\/div>\n\t\t\t\t<\/div>\n\t\t<div class=\"elementor-element elementor-element-23860d1 e-flex e-con-boxed e-con e-parent\" data-id=\"23860d1\" data-element_type=\"container\" data-e-type=\"container\">\n\t\t\t\t\t<div class=\"e-con-inner\">\n\t\t\t\t<div class=\"elementor-element elementor-element-3ce409f elementor-widget elementor-widget-image\" data-id=\"3ce409f\" data-element_type=\"widget\" data-e-type=\"widget\" data-widget_type=\"image.default\">\n\t\t\t\t<div class=\"elementor-widget-container\">\n\t\t\t\t\t\t\t\t\t\t\t\t\t\t\t<img decoding=\"async\" width=\"1500\" height=\"1000\" src=\"https:\/\/vehirlife.hu\/wp-content\/uploads\/2024\/05\/KBAL6452.jpg\" class=\"attachment-full size-full wp-image-2081\" alt=\"\" srcset=\"https:\/\/vehirlife.hu\/wp-content\/uploads\/2024\/05\/KBAL6452.jpg 1500w, https:\/\/vehirlife.hu\/wp-content\/uploads\/2024\/05\/KBAL6452-300x200.jpg 300w, https:\/\/vehirlife.hu\/wp-content\/uploads\/2024\/05\/KBAL6452-1024x683.jpg 1024w, https:\/\/vehirlife.hu\/wp-content\/uploads\/2024\/05\/KBAL6452-768x512.jpg 768w\" sizes=\"(max-width: 1500px) 100vw, 1500px\" \/>\t\t\t\t\t\t\t\t\t\t\t\t\t\t\t<\/div>\n\t\t\t\t<\/div>\n\t\t\t\t\t<\/div>\n\t\t\t\t<\/div>\n\t\t<div class=\"elementor-element elementor-element-ab5789d e-flex e-con-boxed e-con e-parent\" data-id=\"ab5789d\" data-element_type=\"container\" data-e-type=\"container\">\n\t\t\t\t\t<div class=\"e-con-inner\">\n\t\t\t\t<div class=\"elementor-element elementor-element-8f2fa56 elementor-widget elementor-widget-text-editor\" data-id=\"8f2fa56\" data-element_type=\"widget\" data-e-type=\"widget\" data-widget_type=\"text-editor.default\">\n\t\t\t\t<div class=\"elementor-widget-container\">\n\t\t\t\t\t\t\t\t\t<p>Az eddigi legnagyobb volumen\u0171 alkot\u00e1sa egy Rolex-\u00f3ra volt, priv\u00e1t megrendel\u00e9sre, amelyben hatvan \u00f3ra munka volt \u00e9s t\u00f6bb, mint n\u00e9gy kilom\u00e9ter hossz\u00fas\u00e1g\u00fa fonalat haszn\u00e1lt fel benne. Nagy hangs\u00falyt fektet a pr\u00e9mium min\u0151s\u00e9gre, a r\u00e9szletek apr\u00f3l\u00e9kosan kidolgozottak, a k\u00e9sz sz\u0151nyegek olyan puh\u00e1k, hogy ak\u00e1r aludni is lehetne rajtuk, emellett pedig abszol\u00fat kisgyermek \u00e9s kis\u00e1llat bar\u00e1t anyagb\u00f3l k\u00e9sz\u00fclnek.<\/p><p>Piaci r\u00e9st tal\u00e1lt meg most is, hiszen nagyj\u00e1b\u00f3l f\u00e9l \u00e9vnyi munka ut\u00e1n olyan sok megrendel\u00e9se \u00e9rkezik, hogy el\u0151fordulhat, hogy h\u00f3napokat kell v\u00e1rni a munk\u00e1j\u00e1ra. B\u00e1rki gondolhatn\u00e1 azt is, hogy egyszer\u0171 technik\u00e1r\u00f3l besz\u00e9l\u00fcnk, ha vide\u00f3kon kereszt\u00fcl megtanulhat\u00f3, de a sz\u00e1raz t\u00e9nyek egy\u00e1ltal\u00e1n nem ezt bizony\u00edtj\u00e1k. A tr\u00fckk az, hogy a v\u00e1zlat felrajzol\u00e1s\u00e1t k\u00f6vet\u0151en &#8211; amely vagy a megrendel\u0151re, vagy az \u0151 fant\u00e1zi\u00e1j\u00e1ra van b\u00edzva \u2013 t\u00fckr\u00f6s m\u00f3dszerrel, inverz m\u00f3don \u00fcti fel a mint\u00e1zatot, \u00edgy a mindig t\u00f6k\u00e9letes v\u00e9geredm\u00e9ny csak a legv\u00e9g\u00e9n mutatkozik meg. Csak ezut\u00e1n kezdi az apr\u00f3l\u00e9kosabb munk\u00e1t, a szeg\u00e9lyek megny\u00edr\u00e1s\u00e1t, \u00e1rny\u00e9kol\u00e1st, \u00e9s ehhez nem csak a k\u00e9z\u00fcgyess\u00e9g elengedhetetlen, de a v\u00e9gtelen t\u00fcrelem, mint els\u0151dleges tulajdons\u00e1g is felt\u00e9tlen\u00fcl musz\u00e1j.<\/p>\t\t\t\t\t\t\t\t<\/div>\n\t\t\t\t<\/div>\n\t\t\t\t\t<\/div>\n\t\t\t\t<\/div>\n\t\t<div class=\"elementor-element elementor-element-ec4b908 e-flex e-con-boxed e-con e-parent\" data-id=\"ec4b908\" data-element_type=\"container\" data-e-type=\"container\">\n\t\t\t\t\t<div class=\"e-con-inner\">\n\t\t\t\t<div class=\"elementor-element elementor-element-aabe51f elementor-widget elementor-widget-image\" data-id=\"aabe51f\" data-element_type=\"widget\" data-e-type=\"widget\" data-widget_type=\"image.default\">\n\t\t\t\t<div class=\"elementor-widget-container\">\n\t\t\t\t\t\t\t\t\t\t\t\t\t\t\t<img decoding=\"async\" width=\"1500\" height=\"1000\" src=\"https:\/\/vehirlife.hu\/wp-content\/uploads\/2024\/05\/KBAL6467.jpg\" class=\"attachment-full size-full wp-image-2082\" alt=\"\" srcset=\"https:\/\/vehirlife.hu\/wp-content\/uploads\/2024\/05\/KBAL6467.jpg 1500w, https:\/\/vehirlife.hu\/wp-content\/uploads\/2024\/05\/KBAL6467-300x200.jpg 300w, https:\/\/vehirlife.hu\/wp-content\/uploads\/2024\/05\/KBAL6467-1024x683.jpg 1024w, https:\/\/vehirlife.hu\/wp-content\/uploads\/2024\/05\/KBAL6467-768x512.jpg 768w\" sizes=\"(max-width: 1500px) 100vw, 1500px\" \/>\t\t\t\t\t\t\t\t\t\t\t\t\t\t\t<\/div>\n\t\t\t\t<\/div>\n\t\t\t\t\t<\/div>\n\t\t\t\t<\/div>\n\t\t<div class=\"elementor-element elementor-element-622b45d e-flex e-con-boxed e-con e-parent\" data-id=\"622b45d\" data-element_type=\"container\" data-e-type=\"container\">\n\t\t\t\t\t<div class=\"e-con-inner\">\n\t\t\t\t<div class=\"elementor-element elementor-element-4eb2431 elementor-widget elementor-widget-text-editor\" data-id=\"4eb2431\" data-element_type=\"widget\" data-e-type=\"widget\" data-widget_type=\"text-editor.default\">\n\t\t\t\t<div class=\"elementor-widget-container\">\n\t\t\t\t\t\t\t\t\t<p>Fiataloknak, c\u00e9geknek, vend\u00e9gl\u00e1t\u00f3helyeknek is k\u00e9sz\u00edtett m\u00e1r sz\u0151nyegeket, mindig egyedien, ez nem egy polcr\u00f3l lekapott tucatterm\u00e9k, \u00e9s \u00e9ppen ez\u00e9rt nem is v\u00e1llal sorozatgy\u00e1rt\u00e1st. A gyerekszob\u00e1ba k\u00e9rhet\u00fcnk mesefigur\u00e1t, a nagyobbaknak ak\u00e1r kedvenc zen\u00e9sz\u00fck arck\u00e9p\u00e9t, aut\u00f3m\u00e1rk\u00e1t, m\u00e1rka jelet, g\u00f6rdeszk\u00e1t, a felsorol\u00e1s t\u00e9nyleg v\u00e9gtelen.<\/p>\t\t\t\t\t\t\t\t<\/div>\n\t\t\t\t<\/div>\n\t\t\t\t\t<\/div>\n\t\t\t\t<\/div>\n\t\t<div class=\"elementor-element elementor-element-3a36425 e-flex e-con-boxed e-con e-parent\" data-id=\"3a36425\" data-element_type=\"container\" data-e-type=\"container\">\n\t\t\t\t\t<div class=\"e-con-inner\">\n\t\t\t\t\t<\/div>\n\t\t\t\t<\/div>\n\t\t<div class=\"elementor-element elementor-element-f0afc8c e-flex e-con-boxed e-con e-parent\" data-id=\"f0afc8c\" data-element_type=\"container\" data-e-type=\"container\">\n\t\t\t\t\t<div class=\"e-con-inner\">\n\t\t\t\t<div class=\"elementor-element elementor-element-1855265 elementor-widget elementor-widget-image\" data-id=\"1855265\" data-element_type=\"widget\" data-e-type=\"widget\" data-widget_type=\"image.default\">\n\t\t\t\t<div class=\"elementor-widget-container\">\n\t\t\t\t\t\t\t\t\t\t\t\t<figure class=\"wp-caption\">\n\t\t\t\t\t\t\t\t\t\t<img loading=\"lazy\" decoding=\"async\" width=\"1500\" height=\"1000\" src=\"https:\/\/vehirlife.hu\/wp-content\/uploads\/2024\/05\/KBAL6429.jpg\" class=\"attachment-full size-full wp-image-2083\" alt=\"\" srcset=\"https:\/\/vehirlife.hu\/wp-content\/uploads\/2024\/05\/KBAL6429.jpg 1500w, https:\/\/vehirlife.hu\/wp-content\/uploads\/2024\/05\/KBAL6429-300x200.jpg 300w, https:\/\/vehirlife.hu\/wp-content\/uploads\/2024\/05\/KBAL6429-1024x683.jpg 1024w, https:\/\/vehirlife.hu\/wp-content\/uploads\/2024\/05\/KBAL6429-768x512.jpg 768w\" sizes=\"(max-width: 1500px) 100vw, 1500px\" \/>\t\t\t\t\t\t\t\t\t\t\t<figcaption class=\"widget-image-caption wp-caption-text\">A Romani Design - Egy\u00fctt Berhid\u00e1\u00e9rt divatbemutat\u00f3ja Veszpr\u00e9mben<\/figcaption>\n\t\t\t\t\t\t\t\t\t\t<\/figure>\n\t\t\t\t\t\t\t\t\t<\/div>\n\t\t\t\t<\/div>\n\t\t\t\t\t<\/div>\n\t\t\t\t<\/div>\n\t\t<div class=\"elementor-element elementor-element-ebe96b3 e-flex e-con-boxed e-con e-parent\" data-id=\"ebe96b3\" data-element_type=\"container\" data-e-type=\"container\">\n\t\t\t\t\t<div class=\"e-con-inner\">\n\t\t\t\t<div class=\"elementor-element elementor-element-b9d4f2a elementor-widget elementor-widget-text-editor\" data-id=\"b9d4f2a\" data-element_type=\"widget\" data-e-type=\"widget\" data-widget_type=\"text-editor.default\">\n\t\t\t\t<div class=\"elementor-widget-container\">\n\t\t\t\t\t\t\t\t\t<p>Gerg\u0151nek minden, ami hobbik\u00e9nt indul, v\u00e9g\u00fcl szenved\u00e9ly \u00e9s hivat\u00e1s is lesz egyben, ez\u00e9rt mindig \u00e9rdemes \u0151t szem el\u0151tt tartani, mert igyekszik \u2013 \u00e9s \u00e1ltal\u00e1ban sikerrel \u2013 a trendek el\u0151tt j\u00e1rni legal\u00e1bb egy l\u00e9p\u00e9ssel, \u00e9s olyan dolgokkal meglepni a rajong\u00f3it, vagy k\u00f6vet\u0151it, hogy sohasem okoz csal\u00f3d\u00e1st, vagy v\u00e1lik unalmass\u00e1.<\/p><p>Balogh D\u00f3ra \/ Fot\u00f3: Kov\u00e1cs B\u00e1lint<\/p>\t\t\t\t\t\t\t\t<\/div>\n\t\t\t\t<\/div>\n\t\t\t\t<div class=\"elementor-element elementor-element-0b30261 upk-ss-btns-style-minimal upk-ss-btns-view-icon-text upk-layout-style--inline upk-ss-position--default upk-ss-btns-color-original elementor-widget elementor-widget-upk-social-share\" data-id=\"0b30261\" data-element_type=\"widget\" data-e-type=\"widget\" data-widget_type=\"upk-social-share.default\">\n\t\t\t\t<div class=\"elementor-widget-container\">\n\t\t\t\t\t\t\t<div class=\"upk-social-share upk-ep-grid\">\n\t\t\t\t\t\t\t<div class=\"upk-social-share-item upk-ep-grid-item\">\n\t\t\t\t\t<div class=\"upk-ss-btn upk-ss-facebook\" data-social=\"facebook\">\n\t\t\t\t\t\t\t\t\t\t\t\t\t<span class=\"upk-ss-icon\">\n\t\t\t\t\t\t\t\t<i class=\"upk-icon-facebook\"><\/i>\n\t\t\t\t\t\t\t<\/span>\n\t\t\t\t\t\t\t\t\t\t\t\t\t\t\t\t\t\t\t<div class=\"upk-social-share-text upk-inline\">\n\t\t\t\t\t\t\t\t\t\t\t\t\t\t\t\t\t<span class=\"upk-social-share-title\">\n\t\t\t\t\t\t\t\t\t\tFacebook\t\t\t\t\t\t\t\t\t<\/span>\n\t\t\t\t\t\t\t\t\t\t\t\t\t\t\t\t\t\t\t\t\t\t\t<\/div>\n\t\t\t\t\t\t\t\t\t\t\t<\/div>\n\t\t\t\t<\/div>\n\t\t\t\t\t\t\t\t<div class=\"upk-social-share-item upk-ep-grid-item\">\n\t\t\t\t\t<div class=\"upk-ss-btn upk-ss-linkedin\" data-social=\"linkedin\">\n\t\t\t\t\t\t\t\t\t\t\t\t\t<span class=\"upk-ss-icon\">\n\t\t\t\t\t\t\t\t<i class=\"upk-icon-linkedin\"><\/i>\n\t\t\t\t\t\t\t<\/span>\n\t\t\t\t\t\t\t\t\t\t\t\t\t\t\t\t\t\t\t<div class=\"upk-social-share-text upk-inline\">\n\t\t\t\t\t\t\t\t\t\t\t\t\t\t\t\t\t<span class=\"upk-social-share-title\">\n\t\t\t\t\t\t\t\t\t\tLinkedin\t\t\t\t\t\t\t\t\t<\/span>\n\t\t\t\t\t\t\t\t\t\t\t\t\t\t\t\t\t\t\t\t\t\t\t<\/div>\n\t\t\t\t\t\t\t\t\t\t\t<\/div>\n\t\t\t\t<\/div>\n\t\t\t\t\t\t\t\t<div class=\"upk-social-share-item upk-ep-grid-item\">\n\t\t\t\t\t<div class=\"upk-ss-btn upk-ss-twitter\" data-social=\"twitter\">\n\t\t\t\t\t\t\t\t\t\t\t\t\t<span class=\"upk-ss-icon\">\n\t\t\t\t\t\t\t\t<i class=\"upk-icon-twitter\"><\/i>\n\t\t\t\t\t\t\t<\/span>\n\t\t\t\t\t\t\t\t\t\t\t\t\t\t\t\t\t\t\t<div class=\"upk-social-share-text upk-inline\">\n\t\t\t\t\t\t\t\t\t\t\t\t\t\t\t\t\t<span class=\"upk-social-share-title\">\n\t\t\t\t\t\t\t\t\t\tTwitter\t\t\t\t\t\t\t\t\t<\/span>\n\t\t\t\t\t\t\t\t\t\t\t\t\t\t\t\t\t\t\t\t\t\t\t<\/div>\n\t\t\t\t\t\t\t\t\t\t\t<\/div>\n\t\t\t\t<\/div>\n\t\t\t\t\t\t\t\t<div class=\"upk-social-share-item upk-ep-grid-item\">\n\t\t\t\t\t<div class=\"upk-ss-btn upk-ss-pinterest\" data-social=\"pinterest\">\n\t\t\t\t\t\t\t\t\t\t\t\t\t<span class=\"upk-ss-icon\">\n\t\t\t\t\t\t\t\t<i class=\"upk-icon-pinterest\"><\/i>\n\t\t\t\t\t\t\t<\/span>\n\t\t\t\t\t\t\t\t\t\t\t\t\t\t\t\t\t\t\t<div class=\"upk-social-share-text upk-inline\">\n\t\t\t\t\t\t\t\t\t\t\t\t\t\t\t\t\t<span class=\"upk-social-share-title\">\n\t\t\t\t\t\t\t\t\t\tPinterest\t\t\t\t\t\t\t\t\t<\/span>\n\t\t\t\t\t\t\t\t\t\t\t\t\t\t\t\t\t\t\t\t\t\t\t<\/div>\n\t\t\t\t\t\t\t\t\t\t\t<\/div>\n\t\t\t\t<\/div>\n\t\t\t\t\t\t<\/div>\n\n\t\t\n\t\t\t\t\t\t<\/div>\n\t\t\t\t<\/div>\n\t\t\t\t\t<\/div>\n\t\t\t\t<\/div>\n\t\t\t\t<\/div>\n\t\t","protected":false},"excerpt":{"rendered":"<p>What the rug?! Hatvan \u00f3r\u00e1nyi munka \u00e9s n\u00e9gy kil\u00f3m\u00e9ter hossz\u00fa fon\u00e1l. Ez csak p\u00e1r adat, ami Ozsv\u00e1th Gergely \u201eMentha\u201d egyik leg\u00fajabb alkot\u00e1s\u00e1t jellemzi. A rappert nem kell Veszpr\u00e9mben senkinek bemutatni, hiszen a huszon\u00f6t \u00e9ve fenn\u00e1ll\u00f3 H\u0151s\u00f6k rap form\u00e1ci\u00f3 egyik frontembere kreat\u00edv sokoldal\u00fas\u00e1g\u00e1r\u00f3l m\u00e1r mindenki sz\u00e1m\u00e1ra ismert. Egy igaz\u00e1n j\u00f3 m\u0171v\u00e9sz arr\u00f3l ismerszik meg, hogy k\u00e9pes &#8230; <a title=\"What the rug?!\" class=\"read-more\" href=\"https:\/\/vehirlife.hu\/index.php\/2024\/05\/30\/amit-a-fejembe-veszek-azt-vegig-is-viszem-3\/\" aria-label=\"Read more about What the rug?!\">Olvass tov\u00e1bb<\/a><\/p>\n","protected":false},"author":1,"featured_media":2080,"comment_status":"closed","ping_status":"closed","sticky":false,"template":"elementor_header_footer","format":"standard","meta":{"footnotes":""},"categories":[77,106],"tags":[107],"class_list":["post-2079","post","type-post","status-publish","format-standard","has-post-thumbnail","hentry","category-2023-nyar","category-veszpremunk","tag-mentha"],"wpmagazine_modules_lite_featured_media_urls":{"thumbnail":["https:\/\/vehirlife.hu\/wp-content\/uploads\/2024\/05\/menta-150x150.jpg",150,150,true],"cvmm-medium":["https:\/\/vehirlife.hu\/wp-content\/uploads\/2024\/05\/menta-300x300.jpg",300,300,true],"cvmm-medium-plus":["https:\/\/vehirlife.hu\/wp-content\/uploads\/2024\/05\/menta-305x207.jpg",305,207,true],"cvmm-portrait":["https:\/\/vehirlife.hu\/wp-content\/uploads\/2024\/05\/menta-400x600.jpg",400,600,true],"cvmm-medium-square":["https:\/\/vehirlife.hu\/wp-content\/uploads\/2024\/05\/menta-600x600.jpg",600,600,true],"cvmm-large":["https:\/\/vehirlife.hu\/wp-content\/uploads\/2024\/05\/menta-1024x1024.jpg",1024,1024,true],"cvmm-small":["https:\/\/vehirlife.hu\/wp-content\/uploads\/2024\/05\/menta-130x95.jpg",130,95,true],"full":["https:\/\/vehirlife.hu\/wp-content\/uploads\/2024\/05\/menta.jpg",1076,1113,false]},"categories_names":{"77":{"name":"2023 ny\u00e1r","link":"https:\/\/vehirlife.hu\/index.php\/category\/2023-nyar\/"},"106":{"name":"Veszpr\u00e9m\u00fcnk","link":"https:\/\/vehirlife.hu\/index.php\/category\/veszpremunk\/"}},"tags_names":{"107":{"name":"Mentha","link":"https:\/\/vehirlife.hu\/index.php\/tag\/mentha\/"}},"comments_number":"0","rttpg_featured_image_url":{"full":["https:\/\/vehirlife.hu\/wp-content\/uploads\/2024\/05\/menta.jpg",1076,1113,false],"landscape":["https:\/\/vehirlife.hu\/wp-content\/uploads\/2024\/05\/menta.jpg",1076,1113,false],"portraits":["https:\/\/vehirlife.hu\/wp-content\/uploads\/2024\/05\/menta.jpg",1076,1113,false],"thumbnail":["https:\/\/vehirlife.hu\/wp-content\/uploads\/2024\/05\/menta-150x150.jpg",150,150,true],"medium":["https:\/\/vehirlife.hu\/wp-content\/uploads\/2024\/05\/menta-290x300.jpg",290,300,true],"large":["https:\/\/vehirlife.hu\/wp-content\/uploads\/2024\/05\/menta-990x1024.jpg",990,1024,true],"1536x1536":["https:\/\/vehirlife.hu\/wp-content\/uploads\/2024\/05\/menta.jpg",1076,1113,false],"2048x2048":["https:\/\/vehirlife.hu\/wp-content\/uploads\/2024\/05\/menta.jpg",1076,1113,false],"cvmm-medium":["https:\/\/vehirlife.hu\/wp-content\/uploads\/2024\/05\/menta-300x300.jpg",300,300,true],"cvmm-medium-plus":["https:\/\/vehirlife.hu\/wp-content\/uploads\/2024\/05\/menta-305x207.jpg",305,207,true],"cvmm-portrait":["https:\/\/vehirlife.hu\/wp-content\/uploads\/2024\/05\/menta-400x600.jpg",400,600,true],"cvmm-medium-square":["https:\/\/vehirlife.hu\/wp-content\/uploads\/2024\/05\/menta-600x600.jpg",600,600,true],"cvmm-large":["https:\/\/vehirlife.hu\/wp-content\/uploads\/2024\/05\/menta-1024x1024.jpg",1024,1024,true],"cvmm-small":["https:\/\/vehirlife.hu\/wp-content\/uploads\/2024\/05\/menta-130x95.jpg",130,95,true]},"rttpg_author":{"display_name":false,"author_link":"https:\/\/vehirlife.hu\/index.php\/author\/admin_2uh85u12\/"},"rttpg_comment":0,"rttpg_category":"<a href=\"https:\/\/vehirlife.hu\/index.php\/category\/2023-nyar\/\" rel=\"category tag\">2023 ny\u00e1r<\/a> <a href=\"https:\/\/vehirlife.hu\/index.php\/category\/veszpremunk\/\" rel=\"category tag\">Veszpr\u00e9m\u00fcnk<\/a>","rttpg_excerpt":"What the rug?! Hatvan \u00f3r\u00e1nyi munka \u00e9s n\u00e9gy kil\u00f3m\u00e9ter hossz\u00fa fon\u00e1l. Ez csak p\u00e1r adat, ami Ozsv\u00e1th Gergely \u201eMentha\u201d egyik leg\u00fajabb alkot\u00e1s\u00e1t jellemzi. A rappert nem kell Veszpr\u00e9mben senkinek bemutatni, hiszen a huszon\u00f6t \u00e9ve fenn\u00e1ll\u00f3 H\u0151s\u00f6k rap form\u00e1ci\u00f3 egyik frontembere kreat\u00edv sokoldal\u00fas\u00e1g\u00e1r\u00f3l m\u00e1r mindenki sz\u00e1m\u00e1ra ismert. Egy igaz\u00e1n j\u00f3 m\u0171v\u00e9sz arr\u00f3l ismerszik meg, hogy k\u00e9pes&hellip;","_links":{"self":[{"href":"https:\/\/vehirlife.hu\/index.php\/wp-json\/wp\/v2\/posts\/2079","targetHints":{"allow":["GET"]}}],"collection":[{"href":"https:\/\/vehirlife.hu\/index.php\/wp-json\/wp\/v2\/posts"}],"about":[{"href":"https:\/\/vehirlife.hu\/index.php\/wp-json\/wp\/v2\/types\/post"}],"author":[{"embeddable":true,"href":"https:\/\/vehirlife.hu\/index.php\/wp-json\/wp\/v2\/users\/1"}],"replies":[{"embeddable":true,"href":"https:\/\/vehirlife.hu\/index.php\/wp-json\/wp\/v2\/comments?post=2079"}],"version-history":[{"count":7,"href":"https:\/\/vehirlife.hu\/index.php\/wp-json\/wp\/v2\/posts\/2079\/revisions"}],"predecessor-version":[{"id":2090,"href":"https:\/\/vehirlife.hu\/index.php\/wp-json\/wp\/v2\/posts\/2079\/revisions\/2090"}],"wp:featuredmedia":[{"embeddable":true,"href":"https:\/\/vehirlife.hu\/index.php\/wp-json\/wp\/v2\/media\/2080"}],"wp:attachment":[{"href":"https:\/\/vehirlife.hu\/index.php\/wp-json\/wp\/v2\/media?parent=2079"}],"wp:term":[{"taxonomy":"category","embeddable":true,"href":"https:\/\/vehirlife.hu\/index.php\/wp-json\/wp\/v2\/categories?post=2079"},{"taxonomy":"post_tag","embeddable":true,"href":"https:\/\/vehirlife.hu\/index.php\/wp-json\/wp\/v2\/tags?post=2079"}],"curies":[{"name":"wp","href":"https:\/\/api.w.org\/{rel}","templated":true}]}}