{"id":2065,"date":"2024-05-30T13:38:23","date_gmt":"2024-05-30T13:38:23","guid":{"rendered":"https:\/\/vehirlife.hu\/?p=2065"},"modified":"2024-05-31T13:00:45","modified_gmt":"2024-05-31T13:00:45","slug":"sugarut-szelessegu-utat-acsoltak-a-kulturaval-2","status":"publish","type":"post","link":"https:\/\/vehirlife.hu\/index.php\/2024\/05\/30\/sugarut-szelessegu-utat-acsoltak-a-kulturaval-2\/","title":{"rendered":"Amikor a v\u00e1ros elf\u00e9r a zsebedben"},"content":{"rendered":"\t\t<div data-elementor-type=\"wp-post\" data-elementor-id=\"2065\" class=\"elementor elementor-2065\">\n\t\t\t\t<div class=\"elementor-element elementor-element-2aa64a9 e-flex e-con-boxed e-con e-parent\" data-id=\"2aa64a9\" data-element_type=\"container\" data-e-type=\"container\">\n\t\t\t\t\t<div class=\"e-con-inner\">\n\t\t\t\t<div class=\"elementor-element elementor-element-9af4cd8 elementor-widget__width-inherit elementor-widget elementor-widget-image\" data-id=\"9af4cd8\" data-element_type=\"widget\" data-e-type=\"widget\" data-widget_type=\"image.default\">\n\t\t\t\t<div class=\"elementor-widget-container\">\n\t\t\t\t\t\t\t\t\t\t\t\t\t\t\t<img fetchpriority=\"high\" decoding=\"async\" width=\"1500\" height=\"1000\" src=\"https:\/\/vehirlife.hu\/wp-content\/uploads\/2024\/05\/1O4A5642-1.jpg\" class=\"attachment-full size-full wp-image-2066\" alt=\"\" srcset=\"https:\/\/vehirlife.hu\/wp-content\/uploads\/2024\/05\/1O4A5642-1.jpg 1500w, https:\/\/vehirlife.hu\/wp-content\/uploads\/2024\/05\/1O4A5642-1-300x200.jpg 300w, https:\/\/vehirlife.hu\/wp-content\/uploads\/2024\/05\/1O4A5642-1-1024x683.jpg 1024w, https:\/\/vehirlife.hu\/wp-content\/uploads\/2024\/05\/1O4A5642-1-768x512.jpg 768w\" sizes=\"(max-width: 1500px) 100vw, 1500px\" \/>\t\t\t\t\t\t\t\t\t\t\t\t\t\t\t<\/div>\n\t\t\t\t<\/div>\n\t\t\t\t\t<\/div>\n\t\t\t\t<\/div>\n\t\t<div class=\"elementor-element elementor-element-b6d41bb e-flex e-con-boxed e-con e-parent\" data-id=\"b6d41bb\" data-element_type=\"container\" data-e-type=\"container\">\n\t\t\t\t\t<div class=\"e-con-inner\">\n\t\t\t\t<div class=\"elementor-element elementor-element-2f72d8e elementor-widget elementor-widget-heading\" data-id=\"2f72d8e\" data-element_type=\"widget\" data-e-type=\"widget\" data-widget_type=\"heading.default\">\n\t\t\t\t<div class=\"elementor-widget-container\">\n\t\t\t\t\t<h1 class=\"elementor-heading-title elementor-size-default\">Amikor a v\u00e1ros elf\u00e9r a zsebedben\n<\/h1>\t\t\t\t<\/div>\n\t\t\t\t<\/div>\n\t\t\t\t<div class=\"elementor-element elementor-element-e45bc39 elementor-widget elementor-widget-text-editor\" data-id=\"e45bc39\" data-element_type=\"widget\" data-e-type=\"widget\" data-widget_type=\"text-editor.default\">\n\t\t\t\t<div class=\"elementor-widget-container\">\n\t\t\t\t\t\t\t\t\t<p><b>A mes\u00e9kben szokott lenni egy var\u00e1zslatos kulcs, ami minden ajt\u00f3t kinyit. Hab\u00e1r a val\u00f3s\u00e1gban senki nem tud var\u00e1zsolni, egy apr\u00f3 kis k\u00e1rtya most m\u00e9gis k\u00e9pes arra, hogy a veszpr\u00e9mieknek megnyisson sz\u00e1mos olyan lehet\u0151s\u00e9get, amivel kultur\u00e1lis \u00e9s szabadid\u0151s \u00e9lm\u00e9nyeket szerezhetnek, vagy csup\u00e1n a h\u00e9tk\u00f6znapjaik lesznek k\u00f6nnyebbek. Id\u00e9n m\u00e1rciust\u00f3l \u00fajj\u00e1\u00e9ledt a Veszpr\u00e9m k\u00e1rtya, a sikere pedig t\u00f6retlen.<\/b><\/p>\t\t\t\t\t\t\t\t<\/div>\n\t\t\t\t<\/div>\n\t\t\t\t<div class=\"elementor-element elementor-element-c22fa0f elementor-widget-divider--view-line elementor-widget elementor-widget-divider\" data-id=\"c22fa0f\" data-element_type=\"widget\" data-e-type=\"widget\" data-widget_type=\"divider.default\">\n\t\t\t\t<div class=\"elementor-widget-container\">\n\t\t\t\t\t\t\t<div class=\"elementor-divider\">\n\t\t\t<span class=\"elementor-divider-separator\">\n\t\t\t\t\t\t<\/span>\n\t\t<\/div>\n\t\t\t\t\t\t<\/div>\n\t\t\t\t<\/div>\n\t\t\t\t\t<\/div>\n\t\t\t\t<\/div>\n\t\t<div class=\"elementor-element elementor-element-47aaf94 e-flex e-con-boxed e-con e-parent\" data-id=\"47aaf94\" data-element_type=\"container\" data-e-type=\"container\">\n\t\t\t\t\t<div class=\"e-con-inner\">\n\t\t\t\t<div class=\"elementor-element elementor-element-c484283 elementor-widget elementor-widget-text-editor\" data-id=\"c484283\" data-element_type=\"widget\" data-e-type=\"widget\" data-widget_type=\"text-editor.default\">\n\t\t\t\t<div class=\"elementor-widget-container\">\n\t\t\t\t\t\t\t\t\t<p><span style=\"font-weight: 400;\">Ak\u00e1r az Eur\u00f3pa Kultur\u00e1lis F\u0151v\u00e1ros programsorozat hagyat\u00e9k\u00e1nak is lehetne nevezni azt, hogy Veszpr\u00e9m v\u00e1ros\u00e1ban fel\u00e9lesztett\u00e9k \u00e9s \u00faj tartalommal t\u00f6lt\u00f6tt\u00e9k meg a Veszpr\u00e9m k\u00e1rty\u00e1t. Ez az a kedvezm\u00e9nyrendszer, amire mindenki jogosult, aki Veszpr\u00e9mben \u00e9l \u00e9s a lakc\u00edmk\u00e1rty\u00e1ja is ide k\u00f6ti. \u00c9s ez az, ami ak\u00e1r elf\u00e9r az ember zseb\u00e9ben is. Ugyanis a Veszpr\u00e9m k\u00e1rtya nem egy \u00e1thall\u00e1s, val\u00f3ban egy k\u00e9zzel foghat\u00f3 k\u00e1rtya, de digit\u00e1lis verzi\u00f3ja is l\u00e9tezik, amit ugyancsak egy okostelefon applik\u00e1ci\u00f3jak\u00e9nt szint\u00e9n zsebre lehet tenni.<\/span><\/p><p><span style=\"font-weight: 400;\">A v\u00e1ros 2024. m\u00e1rcius 1-t\u0151l l\u00e9ptette \u00e9rv\u00e9nybe \u00e9s r\u00f6gt\u00f6n sz\u00e1mos tartalommal megt\u00f6lt\u00f6tte. A Veszpr\u00e9m k\u00e1rtya tulajdonosok ugyanis sz\u00e1mos kedvezm\u00e9ny k\u00f6z\u00fcl v\u00e1logathatnak a kult\u00fara, a sport \u00e9s a k\u00f6zleked\u00e9s ter\u00fclet\u00e9n, emellett a helyi mag\u00e1nszolg\u00e1ltat\u00e1sok egy r\u00e9sz\u00e9re is kiterjed, \u00e1ltal\u00e1ban 10-20%-kal cs\u00f6kkentve az \u00e1rakat, de p\u00e9ld\u00e1ul V-Bike-b\u00e9rletet \u2013 ez Veszpr\u00e9m elektromos k\u00f6zbringa rendszere \u2013 m\u00e1r 90%-os kedvezm\u00e9nnyel is v\u00e1s\u00e1rolhatnak a k\u00e1rtyatulajdonosok. Ezen k\u00edv\u00fcl kedvezm\u00e9nyesen lehet a Gy\u00e1rkert koncertjeire bel\u00e9p\u0151t v\u00e1ltani \u00e9s t\u00f6bb m\u00fazeumn\u00e1l, a k\u00f6nyvt\u00e1rban \u00e9s ki\u00e1ll\u00edt\u00e1sokon is \u00e9rv\u00e9nyes. A v\u00e1rosi int\u00e9zm\u00e9nyek \u00e9s szolg\u00e1ltat\u00e1sok k\u00f6z\u00f6tt gyakorlatilag nincs olyan, ahol ne adna kedvezm\u00e9nyt a Veszpr\u00e9m k\u00e1rtya, de m\u00e1r r\u00f6gt\u00f6n az indul\u00e1sa ut\u00e1n sok helyi, vagy k\u00f6rny\u00e9kbeli v\u00e1llalkoz\u00e1s is csatlakozott a kezdem\u00e9nyez\u00e9shez. Teh\u00e1t a mag\u00e1nszf\u00e9ra is felfedezte az ebben rejl\u0151 lehet\u0151s\u00e9get. Ez pedig nem titkolt c\u00e9lja volt a veszpr\u00e9mi v\u00e1rosvezet\u00e9snek, hogy az Eur\u00f3pa Kultur\u00e1lis F\u0151v\u00e1rosa programnak k\u00f6sz\u00f6nhet\u0151en \u00fajra\u00e9lesztett kedvezm\u00e9nyrendszer felp\u00f6rgesse a helyben tev\u00e9kenyked\u0151 v\u00e1llalkoz\u00e1sokat is. \u00cdgy pedig egy win-win helyzet \u00e1llt el\u0151, hiszen a veszpr\u00e9miek kedvezm\u00e9nnyel tudj\u00e1k haszn\u00e1lni azokat a szolg\u00e1ltat\u00e1sokat \u00e9s l\u00e1togatni azokat a helysz\u00edneket, amik fel\u00e9p\u00fcltek, vagy meg\u00fajultak az elm\u00falt id\u0151szakban, mellette pedig a helyi gazdas\u00e1gnak is j\u00f3t tesz az, hogy az emberek a szabadidej\u00fcket ilyen m\u00f3don akt\u00edvan t\u00f6ltik el.<\/span><\/p><p><span style=\"font-weight: 400;\">A Veszpr\u00e9m k\u00e1rtya kiv\u00e1lt\u00e1s\u00e1nak lehet\u0151s\u00e9ge teh\u00e1t minden veszpr\u00e9mi lakos sz\u00e1m\u00e1ra adott, csup\u00e1n egyszeri k\u00f6lts\u00e9ge van, az is egy jelk\u00e9pes \u00f6sszeg, ut\u00e1na egyb\u0151l az \u00f6sszes kedvezm\u00e9nyre jogosult lesz a k\u00e1rtyatulajdonos.<\/span><\/p><p><span style=\"font-weight: 400;\">Hogy pontosan hol lehet ig\u00e9nyelni \u00e9s milyen, mekkora kedvezm\u00e9nyeket k\u00edn\u00e1l a Veszpr\u00e9m k\u00e1rtya, arr\u00f3l a <\/span><a href=\"http:\/\/www.veszpremkartya.hu\"><span style=\"font-weight: 400;\">www.veszpremkartya.hu<\/span><\/a><span style=\"font-weight: 400;\"> oldalon lehet legegyszer\u0171bben t\u00e1j\u00e9koz\u00f3dni.<\/span><\/p><p>\u00a0<\/p><p><span style=\"font-weight: 400;\">Hajas B\u00e1lint \/ Fot\u00f3: Szalai Csaba<\/span><\/p>\t\t\t\t\t\t\t\t<\/div>\n\t\t\t\t<\/div>\n\t\t\t\t\t<\/div>\n\t\t\t\t<\/div>\n\t\t<div class=\"elementor-element elementor-element-110bd7f e-flex e-con-boxed e-con e-parent\" data-id=\"110bd7f\" data-element_type=\"container\" data-e-type=\"container\">\n\t\t\t\t\t<div class=\"e-con-inner\">\n\t\t\t\t<div class=\"elementor-element elementor-element-7bc6fb7 upk-ss-btns-style-minimal upk-ss-btns-view-icon-text upk-layout-style--inline upk-ss-position--default upk-ss-btns-color-original elementor-widget elementor-widget-upk-social-share\" data-id=\"7bc6fb7\" data-element_type=\"widget\" data-e-type=\"widget\" data-widget_type=\"upk-social-share.default\">\n\t\t\t\t<div class=\"elementor-widget-container\">\n\t\t\t\t\t\t\t<div class=\"upk-social-share upk-ep-grid\">\n\t\t\t\t\t\t\t<div class=\"upk-social-share-item upk-ep-grid-item\">\n\t\t\t\t\t<div class=\"upk-ss-btn upk-ss-facebook\" data-social=\"facebook\">\n\t\t\t\t\t\t\t\t\t\t\t\t\t<span class=\"upk-ss-icon\">\n\t\t\t\t\t\t\t\t<i class=\"upk-icon-facebook\"><\/i>\n\t\t\t\t\t\t\t<\/span>\n\t\t\t\t\t\t\t\t\t\t\t\t\t\t\t\t\t\t\t<div class=\"upk-social-share-text upk-inline\">\n\t\t\t\t\t\t\t\t\t\t\t\t\t\t\t\t\t<span class=\"upk-social-share-title\">\n\t\t\t\t\t\t\t\t\t\tFacebook\t\t\t\t\t\t\t\t\t<\/span>\n\t\t\t\t\t\t\t\t\t\t\t\t\t\t\t\t\t\t\t\t\t\t\t<\/div>\n\t\t\t\t\t\t\t\t\t\t\t<\/div>\n\t\t\t\t<\/div>\n\t\t\t\t\t\t\t\t<div class=\"upk-social-share-item upk-ep-grid-item\">\n\t\t\t\t\t<div class=\"upk-ss-btn upk-ss-linkedin\" data-social=\"linkedin\">\n\t\t\t\t\t\t\t\t\t\t\t\t\t<span class=\"upk-ss-icon\">\n\t\t\t\t\t\t\t\t<i class=\"upk-icon-linkedin\"><\/i>\n\t\t\t\t\t\t\t<\/span>\n\t\t\t\t\t\t\t\t\t\t\t\t\t\t\t\t\t\t\t<div class=\"upk-social-share-text upk-inline\">\n\t\t\t\t\t\t\t\t\t\t\t\t\t\t\t\t\t<span class=\"upk-social-share-title\">\n\t\t\t\t\t\t\t\t\t\tLinkedin\t\t\t\t\t\t\t\t\t<\/span>\n\t\t\t\t\t\t\t\t\t\t\t\t\t\t\t\t\t\t\t\t\t\t\t<\/div>\n\t\t\t\t\t\t\t\t\t\t\t<\/div>\n\t\t\t\t<\/div>\n\t\t\t\t\t\t\t\t<div class=\"upk-social-share-item upk-ep-grid-item\">\n\t\t\t\t\t<div class=\"upk-ss-btn upk-ss-twitter\" data-social=\"twitter\">\n\t\t\t\t\t\t\t\t\t\t\t\t\t<span class=\"upk-ss-icon\">\n\t\t\t\t\t\t\t\t<i class=\"upk-icon-twitter\"><\/i>\n\t\t\t\t\t\t\t<\/span>\n\t\t\t\t\t\t\t\t\t\t\t\t\t\t\t\t\t\t\t<div class=\"upk-social-share-text upk-inline\">\n\t\t\t\t\t\t\t\t\t\t\t\t\t\t\t\t\t<span class=\"upk-social-share-title\">\n\t\t\t\t\t\t\t\t\t\tTwitter\t\t\t\t\t\t\t\t\t<\/span>\n\t\t\t\t\t\t\t\t\t\t\t\t\t\t\t\t\t\t\t\t\t\t\t<\/div>\n\t\t\t\t\t\t\t\t\t\t\t<\/div>\n\t\t\t\t<\/div>\n\t\t\t\t\t\t\t\t<div class=\"upk-social-share-item upk-ep-grid-item\">\n\t\t\t\t\t<div class=\"upk-ss-btn upk-ss-pinterest\" data-social=\"pinterest\">\n\t\t\t\t\t\t\t\t\t\t\t\t\t<span class=\"upk-ss-icon\">\n\t\t\t\t\t\t\t\t<i class=\"upk-icon-pinterest\"><\/i>\n\t\t\t\t\t\t\t<\/span>\n\t\t\t\t\t\t\t\t\t\t\t\t\t\t\t\t\t\t\t<div class=\"upk-social-share-text upk-inline\">\n\t\t\t\t\t\t\t\t\t\t\t\t\t\t\t\t\t<span class=\"upk-social-share-title\">\n\t\t\t\t\t\t\t\t\t\tPinterest\t\t\t\t\t\t\t\t\t<\/span>\n\t\t\t\t\t\t\t\t\t\t\t\t\t\t\t\t\t\t\t\t\t\t\t<\/div>\n\t\t\t\t\t\t\t\t\t\t\t<\/div>\n\t\t\t\t<\/div>\n\t\t\t\t\t\t<\/div>\n\n\t\t\n\t\t\t\t\t\t<\/div>\n\t\t\t\t<\/div>\n\t\t\t\t\t<\/div>\n\t\t\t\t<\/div>\n\t\t\t\t<\/div>\n\t\t","protected":false},"excerpt":{"rendered":"<p>Amikor a v\u00e1ros elf\u00e9r a zsebedben A mes\u00e9kben szokott lenni egy var\u00e1zslatos kulcs, ami minden ajt\u00f3t kinyit. Hab\u00e1r a val\u00f3s\u00e1gban senki nem tud var\u00e1zsolni, egy apr\u00f3 kis k\u00e1rtya most m\u00e9gis k\u00e9pes arra, hogy a veszpr\u00e9mieknek megnyisson sz\u00e1mos olyan lehet\u0151s\u00e9get, amivel kultur\u00e1lis \u00e9s szabadid\u0151s \u00e9lm\u00e9nyeket szerezhetnek, vagy csup\u00e1n a h\u00e9tk\u00f6znapjaik lesznek k\u00f6nnyebbek. Id\u00e9n m\u00e1rciust\u00f3l \u00fajj\u00e1\u00e9ledt a &#8230; <a title=\"Amikor a v\u00e1ros elf\u00e9r a zsebedben\" class=\"read-more\" href=\"https:\/\/vehirlife.hu\/index.php\/2024\/05\/30\/sugarut-szelessegu-utat-acsoltak-a-kulturaval-2\/\" aria-label=\"Read more about Amikor a v\u00e1ros elf\u00e9r a zsebedben\">Olvass tov\u00e1bb<\/a><\/p>\n","protected":false},"author":1,"featured_media":2066,"comment_status":"closed","ping_status":"closed","sticky":false,"template":"elementor_header_footer","format":"standard","meta":{"footnotes":""},"categories":[84,115,67],"tags":[68,104],"class_list":["post-2065","post","type-post","status-publish","format-standard","has-post-thumbnail","hentry","category-2024-nyar","category-blokk5","category-ekf-sarok","tag-ekf-sarok","tag-veszprem-kartya"],"wpmagazine_modules_lite_featured_media_urls":{"thumbnail":["https:\/\/vehirlife.hu\/wp-content\/uploads\/2024\/05\/1O4A5642-1-150x150.jpg",150,150,true],"cvmm-medium":["https:\/\/vehirlife.hu\/wp-content\/uploads\/2024\/05\/1O4A5642-1-300x300.jpg",300,300,true],"cvmm-medium-plus":["https:\/\/vehirlife.hu\/wp-content\/uploads\/2024\/05\/1O4A5642-1-305x207.jpg",305,207,true],"cvmm-portrait":["https:\/\/vehirlife.hu\/wp-content\/uploads\/2024\/05\/1O4A5642-1-400x600.jpg",400,600,true],"cvmm-medium-square":["https:\/\/vehirlife.hu\/wp-content\/uploads\/2024\/05\/1O4A5642-1-600x600.jpg",600,600,true],"cvmm-large":["https:\/\/vehirlife.hu\/wp-content\/uploads\/2024\/05\/1O4A5642-1-1024x1000.jpg",1024,1000,true],"cvmm-small":["https:\/\/vehirlife.hu\/wp-content\/uploads\/2024\/05\/1O4A5642-1-130x95.jpg",130,95,true],"full":["https:\/\/vehirlife.hu\/wp-content\/uploads\/2024\/05\/1O4A5642-1.jpg",1500,1000,false]},"categories_names":{"84":{"name":"2024 ny\u00e1r","link":"https:\/\/vehirlife.hu\/index.php\/category\/2024-nyar\/"},"115":{"name":"blokk5","link":"https:\/\/vehirlife.hu\/index.php\/category\/blokk5\/"},"67":{"name":"EKF sarok","link":"https:\/\/vehirlife.hu\/index.php\/category\/ekf-sarok\/"}},"tags_names":{"68":{"name":"ekf sarok","link":"https:\/\/vehirlife.hu\/index.php\/tag\/ekf-sarok\/"},"104":{"name":"Veszpr\u00e9m k\u00e1rtya","link":"https:\/\/vehirlife.hu\/index.php\/tag\/veszprem-kartya\/"}},"comments_number":"0","rttpg_featured_image_url":{"full":["https:\/\/vehirlife.hu\/wp-content\/uploads\/2024\/05\/1O4A5642-1.jpg",1500,1000,false],"landscape":["https:\/\/vehirlife.hu\/wp-content\/uploads\/2024\/05\/1O4A5642-1.jpg",1500,1000,false],"portraits":["https:\/\/vehirlife.hu\/wp-content\/uploads\/2024\/05\/1O4A5642-1.jpg",1500,1000,false],"thumbnail":["https:\/\/vehirlife.hu\/wp-content\/uploads\/2024\/05\/1O4A5642-1-150x150.jpg",150,150,true],"medium":["https:\/\/vehirlife.hu\/wp-content\/uploads\/2024\/05\/1O4A5642-1-300x200.jpg",300,200,true],"large":["https:\/\/vehirlife.hu\/wp-content\/uploads\/2024\/05\/1O4A5642-1-1024x683.jpg",1024,683,true],"1536x1536":["https:\/\/vehirlife.hu\/wp-content\/uploads\/2024\/05\/1O4A5642-1.jpg",1500,1000,false],"2048x2048":["https:\/\/vehirlife.hu\/wp-content\/uploads\/2024\/05\/1O4A5642-1.jpg",1500,1000,false],"cvmm-medium":["https:\/\/vehirlife.hu\/wp-content\/uploads\/2024\/05\/1O4A5642-1-300x300.jpg",300,300,true],"cvmm-medium-plus":["https:\/\/vehirlife.hu\/wp-content\/uploads\/2024\/05\/1O4A5642-1-305x207.jpg",305,207,true],"cvmm-portrait":["https:\/\/vehirlife.hu\/wp-content\/uploads\/2024\/05\/1O4A5642-1-400x600.jpg",400,600,true],"cvmm-medium-square":["https:\/\/vehirlife.hu\/wp-content\/uploads\/2024\/05\/1O4A5642-1-600x600.jpg",600,600,true],"cvmm-large":["https:\/\/vehirlife.hu\/wp-content\/uploads\/2024\/05\/1O4A5642-1-1024x1000.jpg",1024,1000,true],"cvmm-small":["https:\/\/vehirlife.hu\/wp-content\/uploads\/2024\/05\/1O4A5642-1-130x95.jpg",130,95,true]},"rttpg_author":{"display_name":false,"author_link":"https:\/\/vehirlife.hu\/index.php\/author\/admin_2uh85u12\/"},"rttpg_comment":0,"rttpg_category":"<a href=\"https:\/\/vehirlife.hu\/index.php\/category\/2024-nyar\/\" rel=\"category tag\">2024 ny\u00e1r<\/a> <a href=\"https:\/\/vehirlife.hu\/index.php\/category\/blokk5\/\" rel=\"category tag\">blokk5<\/a> <a href=\"https:\/\/vehirlife.hu\/index.php\/category\/ekf-sarok\/\" rel=\"category tag\">EKF sarok<\/a>","rttpg_excerpt":"Amikor a v\u00e1ros elf\u00e9r a zsebedben A mes\u00e9kben szokott lenni egy var\u00e1zslatos kulcs, ami minden ajt\u00f3t kinyit. Hab\u00e1r a val\u00f3s\u00e1gban senki nem tud var\u00e1zsolni, egy apr\u00f3 kis k\u00e1rtya most m\u00e9gis k\u00e9pes arra, hogy a veszpr\u00e9mieknek megnyisson sz\u00e1mos olyan lehet\u0151s\u00e9get, amivel kultur\u00e1lis \u00e9s szabadid\u0151s \u00e9lm\u00e9nyeket szerezhetnek, vagy csup\u00e1n a h\u00e9tk\u00f6znapjaik lesznek k\u00f6nnyebbek. Id\u00e9n m\u00e1rciust\u00f3l \u00fajj\u00e1\u00e9ledt a&hellip;","_links":{"self":[{"href":"https:\/\/vehirlife.hu\/index.php\/wp-json\/wp\/v2\/posts\/2065","targetHints":{"allow":["GET"]}}],"collection":[{"href":"https:\/\/vehirlife.hu\/index.php\/wp-json\/wp\/v2\/posts"}],"about":[{"href":"https:\/\/vehirlife.hu\/index.php\/wp-json\/wp\/v2\/types\/post"}],"author":[{"embeddable":true,"href":"https:\/\/vehirlife.hu\/index.php\/wp-json\/wp\/v2\/users\/1"}],"replies":[{"embeddable":true,"href":"https:\/\/vehirlife.hu\/index.php\/wp-json\/wp\/v2\/comments?post=2065"}],"version-history":[{"count":4,"href":"https:\/\/vehirlife.hu\/index.php\/wp-json\/wp\/v2\/posts\/2065\/revisions"}],"predecessor-version":[{"id":2070,"href":"https:\/\/vehirlife.hu\/index.php\/wp-json\/wp\/v2\/posts\/2065\/revisions\/2070"}],"wp:featuredmedia":[{"embeddable":true,"href":"https:\/\/vehirlife.hu\/index.php\/wp-json\/wp\/v2\/media\/2066"}],"wp:attachment":[{"href":"https:\/\/vehirlife.hu\/index.php\/wp-json\/wp\/v2\/media?parent=2065"}],"wp:term":[{"taxonomy":"category","embeddable":true,"href":"https:\/\/vehirlife.hu\/index.php\/wp-json\/wp\/v2\/categories?post=2065"},{"taxonomy":"post_tag","embeddable":true,"href":"https:\/\/vehirlife.hu\/index.php\/wp-json\/wp\/v2\/tags?post=2065"}],"curies":[{"name":"wp","href":"https:\/\/api.w.org\/{rel}","templated":true}]}}