{"id":2057,"date":"2024-05-30T13:34:05","date_gmt":"2024-05-30T13:34:05","guid":{"rendered":"https:\/\/vehirlife.hu\/?p=2057"},"modified":"2024-05-31T12:39:20","modified_gmt":"2024-05-31T12:39:20","slug":"vilagga-mentem-majd-jovok-2","status":"publish","type":"post","link":"https:\/\/vehirlife.hu\/index.php\/2024\/05\/30\/vilagga-mentem-majd-jovok-2\/","title":{"rendered":"Amikor a sarki r\u00f3ka vad\u00e1szni indul, te is c\u00e9lba veszed az eget"},"content":{"rendered":"\t\t<div data-elementor-type=\"wp-post\" data-elementor-id=\"2057\" class=\"elementor elementor-2057\">\n\t\t\t\t<div class=\"elementor-element elementor-element-2aa64a9 e-flex e-con-boxed e-con e-parent\" data-id=\"2aa64a9\" data-element_type=\"container\" data-e-type=\"container\">\n\t\t\t\t\t<div class=\"e-con-inner\">\n\t\t\t\t<div class=\"elementor-element elementor-element-9af4cd8 elementor-widget__width-inherit elementor-widget elementor-widget-image\" data-id=\"9af4cd8\" data-element_type=\"widget\" data-e-type=\"widget\" data-widget_type=\"image.default\">\n\t\t\t\t<div class=\"elementor-widget-container\">\n\t\t\t\t\t\t\t\t\t\t\t\t\t\t\t<img fetchpriority=\"high\" decoding=\"async\" width=\"1500\" height=\"1000\" src=\"https:\/\/vehirlife.hu\/wp-content\/uploads\/2024\/05\/2024_01_Pello.jpg\" class=\"attachment-full size-full wp-image-2058\" alt=\"\" srcset=\"https:\/\/vehirlife.hu\/wp-content\/uploads\/2024\/05\/2024_01_Pello.jpg 1500w, https:\/\/vehirlife.hu\/wp-content\/uploads\/2024\/05\/2024_01_Pello-300x200.jpg 300w, https:\/\/vehirlife.hu\/wp-content\/uploads\/2024\/05\/2024_01_Pello-1024x683.jpg 1024w, https:\/\/vehirlife.hu\/wp-content\/uploads\/2024\/05\/2024_01_Pello-768x512.jpg 768w\" sizes=\"(max-width: 1500px) 100vw, 1500px\" \/>\t\t\t\t\t\t\t\t\t\t\t\t\t\t\t<\/div>\n\t\t\t\t<\/div>\n\t\t\t\t\t<\/div>\n\t\t\t\t<\/div>\n\t\t<div class=\"elementor-element elementor-element-b6d41bb e-flex e-con-boxed e-con e-parent\" data-id=\"b6d41bb\" data-element_type=\"container\" data-e-type=\"container\">\n\t\t\t\t\t<div class=\"e-con-inner\">\n\t\t\t\t<div class=\"elementor-element elementor-element-2f72d8e elementor-widget elementor-widget-heading\" data-id=\"2f72d8e\" data-element_type=\"widget\" data-e-type=\"widget\" data-widget_type=\"heading.default\">\n\t\t\t\t<div class=\"elementor-widget-container\">\n\t\t\t\t\t<h1 class=\"elementor-heading-title elementor-size-default\">Amikor a sarki r\u00f3ka vad\u00e1szni indul, te is c\u00e9lba veszed az eget\n<\/h1>\t\t\t\t<\/div>\n\t\t\t\t<\/div>\n\t\t\t\t<div class=\"elementor-element elementor-element-e45bc39 elementor-widget elementor-widget-text-editor\" data-id=\"e45bc39\" data-element_type=\"widget\" data-e-type=\"widget\" data-widget_type=\"text-editor.default\">\n\t\t\t\t<div class=\"elementor-widget-container\">\n\t\t\t\t\t\t\t\t\t<p><b>Az \u00e9letben a leg\u00e9rt\u00e9kesebb pillanatok rendszerint azok, amelyek f\u00f6l\u00f6tt nincs teljes befoly\u00e1sunk. Amelyeket nem lehet pontosan megtervezni \u00e9s be\u00fctemezni, amelyek az univerzum szesz\u00e9ly\u00e9re vannak b\u00edzva, amelyeket csup\u00e1n a mellkast sz\u00e9tfesz\u00edt\u0151 rem\u00e9ny \u00e9ltet, hogy tal\u00e1n megt\u00f6rt\u00e9nnek, \u00e9s amelyek ha minden bizonytalans\u00e1g ellen\u00e9re t\u00e9nyleg megval\u00f3sulnak, \u00fagy \u00e9rezhetj\u00fck, mi vagyunk a vil\u00e1g legnagyobb m\u00e1zlist\u00e1i. Sarki f\u00e9nyre vad\u00e1szni \u00e9s \u201eelkapni\u201d, azt hiszem, pont ilyen \u00e9lm\u00e9ny lehet. Nem csoda, ha f\u00fcgg\u0151v\u00e9 tesz.<\/b><\/p>\t\t\t\t\t\t\t\t<\/div>\n\t\t\t\t<\/div>\n\t\t\t\t<div class=\"elementor-element elementor-element-c22fa0f elementor-widget-divider--view-line elementor-widget elementor-widget-divider\" data-id=\"c22fa0f\" data-element_type=\"widget\" data-e-type=\"widget\" data-widget_type=\"divider.default\">\n\t\t\t\t<div class=\"elementor-widget-container\">\n\t\t\t\t\t\t\t<div class=\"elementor-divider\">\n\t\t\t<span class=\"elementor-divider-separator\">\n\t\t\t\t\t\t<\/span>\n\t\t<\/div>\n\t\t\t\t\t\t<\/div>\n\t\t\t\t<\/div>\n\t\t\t\t\t<\/div>\n\t\t\t\t<\/div>\n\t\t<div class=\"elementor-element elementor-element-ca00466 e-flex e-con-boxed e-con e-parent\" data-id=\"ca00466\" data-element_type=\"container\" data-e-type=\"container\">\n\t\t\t\t\t<div class=\"e-con-inner\">\n\t\t\t\t<div class=\"elementor-element elementor-element-16db34f elementor-widget elementor-widget-text-editor\" data-id=\"16db34f\" data-element_type=\"widget\" data-e-type=\"widget\" data-widget_type=\"text-editor.default\">\n\t\t\t\t<div class=\"elementor-widget-container\">\n\t\t\t\t\t\t\t\t\t<p><span style=\"font-weight: 400;\">Pello, Finnorsz\u00e1g 2024. febru\u00e1r v\u00e9ge, k\u00f6zel a sv\u00e9d hat\u00e1rhoz. S\u00f6t\u00e9t, csillagos \u00e9jszaka, a hideget szinte harapni lehet (vagy \u00e9pp az harap bel\u00e9d), ha lel\u00e9psz az \u00fatr\u00f3l, der\u00e9kig s\u00fcpped a h\u00f3. Egy csapat amerikai \u00e9s egy magyar finn vezet\u0151ik t\u00e1rsas\u00e1g\u00e1ban v\u00e1rakozik egy dzsip mellett. V\u00e1rnak, de igaz\u00e1b\u00f3l vad\u00e1sznak, csakhogy az elkapni k\u00edv\u00e1nt \u201evad\u201d nem a f\u00f6ld\u00f6n, hanem az \u00e9gen keresend\u0151, s m\u00e9g csak nem is \u00e1llat. Misztikus l\u00e9ny, ha a legend\u00e1k fel\u0151l k\u00f6zel\u00edt\u00fcnk, a l\u00e9gk\u00f6rbe behatol\u00f3 t\u00f6lt\u00f6tt r\u00e9szecsk\u00e9k, protonok \u00e9s elektronok k\u00f6lcs\u00f6nhat\u00e1sa, ha a tudom\u00e1ny fel\u0151l. \u00d6sszefoglal\u00f3an: sarki f\u00e9ny.<\/span><\/p><p>\u00a0<\/p><p><span style=\"font-weight: 400;\">A csapat amerikai fele m\u00e9g z\u00f6ldf\u00fcl\u0171, a magyar, Szekeres D\u00e1vid, Veszpr\u00e9m szerte ismert r\u00e1di\u00f3s m\u0171sorvezet\u0151, m\u00e1r tapasztaltabb vad\u00e1sz, neki ez a negyedik t\u00far\u00e1ja \u2013 de kor\u00e1nt sem az utols\u00f3. Mint oly sokakat, az \u00e9gen t\u00e1ncol\u00f3 f\u00e9ny jelens\u00e9ge \u0151t is elemi er\u0151vel szippantotta be, pedig az els\u0151 pr\u00f3b\u00e1lkoz\u00e1sa kudarcot vallott.<\/span><\/p><p>\u00a0<\/p><p><span style=\"font-weight: 400;\">Mint mondja, az \u00e9szaki f\u00e9ny megpillant\u00e1sa mindig is ott szerepelt a bakancslist\u00e1j\u00e1n, Skandin\u00e1via pedig r\u00e9g\u00f3ta a sz\u00edve cs\u00fccske. Az \u00e9szak-eur\u00f3pai orsz\u00e1gokkal m\u00e9g egyetemi \u00e9vei alatt ker\u00fclt kapcsolatba, el\u0151sz\u00f6r Finnorsz\u00e1ggal, ahova v\u00e1rosdiplom\u00e1ci\u00e1b\u00f3l \u00edrt szakdolgozata miatt utazott ki, nevezetesen Kalajokiba, Balatonalm\u00e1di testv\u00e9rv\u00e1ros\u00e1ba, az ottani emberek nyitotts\u00e1ga, bar\u00e1ts\u00e1gos mentalit\u00e1sa \u00e9s a t\u00e1j sz\u00e9ps\u00e9ge pedig azonnal mag\u00e1val ragadta. Elhat\u00e1rozta, m\u00e9g visszat\u00e9r a vid\u00e9kre. K\u00f6vetkez\u0151 \u00fatja Rovaniemibe vezetett, s b\u00e1r akkor els\u0151sorban az motiv\u00e1lta, hogy tal\u00e1lkozzon a Mikul\u00e1ssal, id\u0151vel bek\u00faszott a gondolat, mi lenne, ha megpr\u00f3b\u00e1lkozna a sarki f\u00e9ny t\u00far\u00e1val is.<\/span><\/p><p>\u00a0<\/p><p><span style=\"font-weight: 400;\">Ma m\u00e1r rengeteg utaz\u00e1si iroda k\u00edn\u00e1l ilyen opci\u00f3t \u2013 \u00e9s sok kifejezetten erre szakosodik a k\u00f6rny\u00e9ken \u2013, de figyelni kell, hogy ne d\u0151lj\u00fcnk be annak, amelyik azt \u00e1ll\u00edtja, biztosan l\u00e1tsz \u00e9szaki f\u00e9nyt. A l\u00e9gk\u00f6ri jelens\u00e9g ugyanis nem olyasmi, ami megrendel\u00e9sre \u00e9rkezik: a f\u00e9nycs\u00f3v\u00e1k vagy j\u00f6nnek, vagy nem. A legnagyobb es\u00e9ly egy\u00e9bk\u00e9nt szeptember \u00e9s \u00e1prilis k\u00f6z\u00f6tt van a megpillant\u00e1s\u00e1ra, de m\u00e9g ilyenkor is sz\u00e1mos faktoron m\u00falik, hogy meddig marad: csak n\u00e9h\u00e1ny percre vagy ak\u00e1r t\u00f6bb \u00f3r\u00e1n kereszt\u00fcl is ott t\u00e1ncol az \u00e9gen. Az els\u0151 alkalommal D\u00e1vid is belefutott a hib\u00e1ba, hogy hitt a c\u00e9gnek, ami 100%-os garanci\u00e1t \u00edg\u00e9rt, holott laikusk\u00e9nt is l\u00e1tszott, hogy az id\u0151j\u00e1r\u00e1si k\u00f6r\u00fclm\u00e9nyek nem fogj\u00e1k lehet\u0151v\u00e9 tenni a sarki f\u00e9ny megpillant\u00e1s\u00e1t. \u201eAkkor ott el\u00e9g csal\u00f3dott voltam, \u00e9s megfordult a fejemben, hogy ezt az \u00e1lmot tal\u00e1n el kell engedni, hiszen \u00e9n egyed\u00fcl nem fogok tudni a sarki f\u00e9ny nyom\u00e1ba eredni\u201d \u2013 mes\u00e9li. M\u00e9gsem adta fel. Az interneten tal\u00e1lt r\u00e1 egy Rovaniemiben \u00e9l\u0151 francia testv\u00e9rp\u00e1rra, akik elk\u00e9peszt\u0151en l\u00e1tv\u00e1nyos k\u00e9peket \u00e9s vide\u00f3kat osztottak meg a k\u00f6z\u00f6ss\u00e9gi m\u00e9di\u00e1ban, \u00e9s akik arra v\u00e1llaltak garanci\u00e1t, hogy addig mennek, am\u00edg nem l\u00e1tnak sarki f\u00e9nyt, \u00e1m ha m\u00e9gsem, nem kell kifizetni a t\u00fara \u00e1r\u00e1t, csak a benzink\u00f6lts\u00e9get. Ez el\u00e9g j\u00f3 biztos\u00edt\u00e9knak t\u0171nt, \u00fagyhogy D\u00e1vid egy \u00e9v m\u00falva ism\u00e9t visszat\u00e9rt \u00e9desanyj\u00e1val egy\u00fctt a v\u00e1rosba, a kint tart\u00f3zkod\u00e1suk utols\u00f3 \u00e9jszak\u00e1j\u00e1n pedig bepattantak a testv\u00e9rek aut\u00f3j\u00e1ba. \u201eKezdetben ez a t\u00fara sem t\u0171nt t\u00fal kecsegtet\u0151nek: m\u00e1r \u00f3r\u00e1k \u00f3ta kocsik\u00e1ztunk, hideg volt, -24\u00baC, f\u00e1ztunk, f\u00e1radtak, ny\u0171g\u00f6sek voltunk. Azt\u00e1n egyszer csak a vezet\u0151nk sz\u00f3lt, hogy mindenki azonnal pattanjon ki a kocsib\u00f3l, \u00e9s az \u00e9gen halv\u00e1nyz\u00f6lden ott t\u00e1ncolt az \u00e9szaki f\u00e9ny. Annyira fellelkes\u00fclt\u00fcnk, hogy m\u00e1r a hideget sem \u00e9rezt\u00fck, csak boldogan szaladg\u00e1ltunk a t\u00e9rdig \u00e9r\u0151 h\u00f3ban \u00e9s fot\u00f3ztunk, mik\u00f6zben elmorzsoltunk n\u00e9h\u00e1ny k\u00f6nnycseppet, merthogy ez az \u00e9lm\u00e9ny ezt v\u00e1ltja ki, legal\u00e1bbis bel\u0151lem.\u201d<\/span><\/p><p>\u00a0<\/p><p><span style=\"font-weight: 400;\">D\u00e1vid szerint ott egy \u00e9letre megfert\u0151z\u0151d\u00f6tt. \u201eAmikor ilyesmit l\u00e1tsz, minden probl\u00e9m\u00e1dat elfelejted, \u00e9s csak arra gondolsz, milyen csod\u00e1latos is ez a vil\u00e1g. Azt\u00e1n, hogy j\u00f6het a k\u00f6vetkez\u0151.\u201d Mert az \u00e9szaki f\u00e9nyben \u00e9pp ez a legizgalmasabb: hogy nincs bel\u0151le k\u00e9t egyforma. Mindig egy kicsit m\u00e1s, m\u00e1shogy mozog, m\u00e1s a form\u00e1ja, a sz\u00edne.<\/span><\/p><p>\u00a0<\/p><p><span style=\"font-weight: 400;\">\u00dagyhogy az\u00f3ta \u00fajra \u00e9s \u00fajra felkerekedik. Tavaly eg\u00e9szen \u00c9szak-Norv\u00e9gi\u00e1ig, Troms\u00f8ig utazott, ahol a havas hegyek l\u00e1tv\u00e1nya m\u00e1r \u00f6nmag\u00e1ban egy megval\u00f3sult \u00e1lom, \u00e9s ehhez j\u00f6tt m\u00e9g az aurora borealis, majd id\u00e9n febru\u00e1rban sz\u00fclet\u00e9snapja alkalm\u00e1b\u00f3l \u00fajra Rovaniemibe t\u00e9rt vissza, hogy F\u00f6ldanya az eddigi legszebb f\u00e9nyj\u00e1t\u00e9kkal aj\u00e1nd\u00e9kozza meg.<\/span><\/p>\t\t\t\t\t\t\t\t<\/div>\n\t\t\t\t<\/div>\n\t\t\t\t\t<\/div>\n\t\t\t\t<\/div>\n\t\t<div class=\"elementor-element elementor-element-f49bf64 e-flex e-con-boxed e-con e-parent\" data-id=\"f49bf64\" data-element_type=\"container\" data-e-type=\"container\">\n\t\t\t\t\t<div class=\"e-con-inner\">\n\t\t\t\t<div class=\"elementor-element elementor-element-ce025b0 elementor-widget elementor-widget-image\" data-id=\"ce025b0\" data-element_type=\"widget\" data-e-type=\"widget\" data-widget_type=\"image.default\">\n\t\t\t\t<div class=\"elementor-widget-container\">\n\t\t\t\t\t\t\t\t\t\t\t\t<figure class=\"wp-caption\">\n\t\t\t\t\t\t\t\t\t\t<img decoding=\"async\" width=\"900\" height=\"1350\" src=\"https:\/\/vehirlife.hu\/wp-content\/uploads\/2024\/05\/2022_01_Sodankyla-FIN-1.jpg\" class=\"attachment-full size-full wp-image-2060\" alt=\"\" srcset=\"https:\/\/vehirlife.hu\/wp-content\/uploads\/2024\/05\/2022_01_Sodankyla-FIN-1.jpg 900w, https:\/\/vehirlife.hu\/wp-content\/uploads\/2024\/05\/2022_01_Sodankyla-FIN-1-200x300.jpg 200w, https:\/\/vehirlife.hu\/wp-content\/uploads\/2024\/05\/2022_01_Sodankyla-FIN-1-683x1024.jpg 683w, https:\/\/vehirlife.hu\/wp-content\/uploads\/2024\/05\/2022_01_Sodankyla-FIN-1-768x1152.jpg 768w, https:\/\/vehirlife.hu\/wp-content\/uploads\/2024\/05\/2022_01_Sodankyla-FIN-1-400x600.jpg 400w\" sizes=\"(max-width: 900px) 100vw, 900px\" \/>\t\t\t\t\t\t\t\t\t\t\t<figcaption class=\"widget-image-caption wp-caption-text\">V\u00e1radi Csilla \/fot\u00f3 via HRPort\u00e1l<\/figcaption>\n\t\t\t\t\t\t\t\t\t\t<\/figure>\n\t\t\t\t\t\t\t\t\t<\/div>\n\t\t\t\t<\/div>\n\t\t\t\t\t<\/div>\n\t\t\t\t<\/div>\n\t\t<div class=\"elementor-element elementor-element-9cec5bc e-flex e-con-boxed e-con e-parent\" data-id=\"9cec5bc\" data-element_type=\"container\" data-e-type=\"container\">\n\t\t\t\t\t<div class=\"e-con-inner\">\n\t\t\t\t<div class=\"elementor-element elementor-element-ed273f2 elementor-widget elementor-widget-text-editor\" data-id=\"ed273f2\" data-element_type=\"widget\" data-e-type=\"widget\" data-widget_type=\"text-editor.default\">\n\t\t\t\t<div class=\"elementor-widget-container\">\n\t\t\t\t\t\t\t\t\t<p><span style=\"font-weight: 400;\">Pedig a k\u00f6r\u00fclm\u00e9nyek most sem voltak olyan biztat\u00f3ak. A v\u00e1rosban \u00e9pp leesett a vil\u00e1g nagyj\u00e1b\u00f3l \u00f6sszes hava, \u00e9s a reggeli el\u0151rejelz\u00e9sek szerint 70-80% es\u00e9ly volt a sarki f\u00e9ny megpillant\u00e1s\u00e1ra. A t\u00e1rsas\u00e1g d\u00f6nthetett, \u00edgy is v\u00e1llalj\u00e1k-e a t\u00far\u00e1t, vagy sem. Mivel D\u00e1vid ez\u00fattal kifejezetten az \u00e9gi jelens\u00e9g\u00e9rt utazott, \u00fagy gondolta, megadja neki az es\u00e9lyt. \u201eEste h\u00e9tkor indultunk, akkor m\u00e1r l\u00e1tszott az el\u0151rejelz\u00e9sen, hogy a felett\u00fcnk l\u00e9v\u0151 nagy mennyis\u00e9g\u0171 felh\u0151t el fogja tolni keletebbre egy nagyobb l\u00e9gmozg\u00e1s, de hogy n\u00f6velj\u00fck az es\u00e9lyeinket, mi is elindultunk nyugatra, Pelloba. Azt\u00e1n v\u00e1rtunk. Azt tudni kell, hogy amikor az \u00e9szaki f\u00e9ny megjelenik az \u00e9gen, kezdetben nem z\u00f6ld, hanem sz\u00fcrk\u00e9s, egy halv\u00e1ny folt, ami el\u00fct az \u00e9j s\u00f6t\u00e9tj\u00e9t\u0151l. Ilyenkor j\u00f3 taktika, ha elkezdesz f\u00e9nyk\u00e9pezni, mert a telefon lencs\u00e9je m\u00e1shogy l\u00e1tja a jelens\u00e9get, \u00e9s amit te sz\u00fcrk\u00e9nek tapasztalsz, azt \u0151 m\u00e1r \u00f3vatos z\u00f6ldnek mutatja\u201d \u2013 magyar\u00e1zza. Ez\u00e9rt is van, hogy a fot\u00f3kon mindig sokkal \u00e9l\u00e9nkebb sz\u00edne van az \u00e9szaki f\u00e9nynek, mint a val\u00f3s\u00e1gban, de persze ez semmit se von le az \u00e9rt\u00e9k\u00e9b\u0151l, hiszen \u00edgy is valami olyasmiben van r\u00e9sze az embernek, ami k\u00f6z\u00e9p-eur\u00f3paik\u00e9nt els\u0151re szinte felfoghatatlan.\u00a0<\/span><\/p><p>\u00a0<\/p><p><span style=\"font-weight: 400;\">\u00c9s ha igaz\u00e1n szerencs\u00e9je van, olyasmit l\u00e1that, ami a \u201eveter\u00e1nok\u201d sz\u00e1m\u00e1ra is kiemelked\u0151. Merthogy az val\u00f3ban szerencse \u2013 \u00e9s m\u00e9g megannyi komponens \u2013 k\u00e9rd\u00e9se, milyen intenz\u00edv \u00e9s mozgalmas lesz az aktivit\u00e1s. Ez a mostani f\u00e9nyj\u00e1t\u00e9k eg\u00e9sz \u00e9jszaka zajlott, s\u0151t, b\u00f3nusszal is szolg\u00e1lt. El\u0151sz\u00f6r csak egyre \u00e9l\u00e9nkebb lett, m\u00e1r szabad szemmel is j\u00f3l l\u00e1that\u00f3an z\u00f6ldbe v\u00e1ltott \u00e9s felt\u0171nt a magja, ahol m\u00e9g er\u0151sebb a sz\u00edn, majd elkezdett intenz\u00edven mozogni. \u201eOtt m\u00e1r nagyon \u00f6r\u00fclt\u00fcnk, \u00e9s azt hitt\u00fck, ennyi lesz az eg\u00e9sz, ami m\u00e1r \u00f6nmag\u00e1ban nagyon extra volt. Azt\u00e1n egyszer csak a horizontt\u00f3l indulva, alulr\u00f3l felfel\u00e9 elkezdett n\u00f6vekedni \u00e9s sz\u00e9lesedni, elment a fej\u00fcnk f\u00f6l\u00f6tt \u00e9s a m\u00e1sik oldalon kanyarodott vissza. Eg\u00e9sz\u00e9ben le se tudtuk fot\u00f3zni, olyan hatalmas volt, \u00e9s brut\u00e1lisan \u00e9l\u00e9nken ragyogott\u201d \u2013 mes\u00e9li D\u00e1vid. De ez m\u00e9g mindig nem a t\u00f6rt\u00e9net v\u00e9ge. Miut\u00e1n k\u00e9t \u00e9s f\u00e9l \u00f3r\u00e1n kereszt\u00fcl gy\u00f6ny\u00f6rk\u00f6dtek az egym\u00e1s ut\u00e1n megjelen\u0151 f\u00e9nyekben, m\u00e1r hazafel\u00e9 tartottak, mind aludtak, amikor a vezet\u0151 hirtelen lef\u00e9kezett \u00e9s sz\u00f3lt, hogy mindenki ugorjon ki a kocsib\u00f3l, mert egy eddigin\u00e9l is l\u00e1tv\u00e1nyosabb sarki f\u00e9ny felt\u0171nt az \u00e9gen, amelyben az alap z\u00f6ld sz\u00edn mellett a piros is megjelent. Ut\u00f3bbi egy\u00e9bk\u00e9nt szabad szemmel nagyon ritk\u00e1n l\u00e1that\u00f3, ak\u00e1rcsak a lila \u00e9s a k\u00e9k, nem csoda teh\u00e1t, ha t\u00e9nyleg megk\u00f6nnyezi a pillanatot az ember.<\/span><\/p><p>\u00a0<\/p><p><span style=\"font-weight: 400;\">D\u00e1vid szerint egy\u00e9bk\u00e9nt nemcsak maga a l\u00e1tv\u00e1ny roppant izgalmas, de maga a vad\u00e1szat folyamata \u2013 \u00a0 az izgatott v\u00e1rakoz\u00e1s, amivel az aurora borealist el\u0151rejelz\u0151 applik\u00e1ci\u00f3t b\u00f6ng\u00e9szed, ahogy a t\u00faravezet\u0151k egym\u00e1s k\u00f6z\u00f6tt is forr\u00f3 dr\u00f3ton l\u00f3gnak \u00e9s \u00e9rtes\u00edtik egym\u00e1st, hol van a legjobb spot, az a t\u00fcrelemj\u00e1t\u00e9k, ami azut\u00e1n indul, hogy kisz\u00e1llsz a kocsib\u00f3l, minden f\u00e9nyt lekapcsoltok \u00e9s rem\u00e9nykedtek, hogy valami pomp\u00e1s jelenik meg az \u00e9gen \u2013, \u00e9s a sarki f\u00e9nyhez k\u00f6thet\u0151 legend\u00e1k is. Ut\u00f3bbib\u00f3l t\u00f6bb is akad, de az \u0151 kedvence a k\u00f6vetkez\u0151k\u00e9ppen hangzik: amikor leesik a friss h\u00f3, a sarki r\u00f3ka elindul becserk\u00e9szni pr\u00e9d\u00e1j\u00e1t, s mik\u00f6zben sz\u00f6kken \u00e9s a fark\u00e1val suhint, egy kis havat felhint az \u00e9gre, amelyen azt\u00e1n \u00e1tvil\u00e1g\u00edt a Hold \u00e9s megjelenik az \u00e9szaki f\u00e9ny.<\/span><\/p><p>\u00a0<\/p><p><span style=\"font-weight: 400;\">Igazi var\u00e1zslat ez, D\u00e1vid sz\u00e1m\u00e1ra pedig \u2013 am\u00edg megteheti \u2013 egy v\u00e9get nem \u00e9r\u0151 vad\u00e1szat, mert ez egy olyan \u00e9lm\u00e9ny, aminek az eml\u00e9ke a rossz napokon is \u00e1tseg\u00edt. M\u00e1r tervezi is a k\u00f6vetkez\u0151 utat decemberben, ism\u00e9t Rovaniemibe, \u00f6sszek\u00f6tve egy kar\u00e1csonyoz\u00e1ssal, de sz\u00edvesen visszamenne Norv\u00e9gi\u00e1ba, illetve j\u00f3 \u00e9szaki f\u00e9ny lel\u0151helyek vannak Oroszorsz\u00e1gban, valamint a bakancslist\u00e1j\u00e1n ott szerepel az a t\u00e9tel is, hogy egyszer a rep\u00fcl\u0151g\u00e9p ablak\u00e1b\u00f3l tekintse meg a sarki f\u00e9nyt. Ennyi tapasztalattal a h\u00e1ta m\u00f6g\u00f6tt pedig m\u00e9g az is el\u0151fordulhat, hogy egyszer \u00f6n\u00e1ll\u00f3an indul az \u00e9gi jelens\u00e9g nyom\u00e1ba \u2013 a mesterekt\u0151l megszerzett tud\u00e1ssal, egy j\u00f3 helysz\u00ednv\u00e1laszt\u00e1ssal nem lenne lehetetlen v\u00e1llalkoz\u00e1s. S\u0151t. Az lenne az igazi vad\u00e1szat.<\/span><\/p><p>\u00a0<\/p><p><span style=\"font-weight: 400;\">Bertalan Melinda \/ Fot\u00f3: Szekeres D\u00e1vid<\/span><\/p>\t\t\t\t\t\t\t\t<\/div>\n\t\t\t\t<\/div>\n\t\t\t\t\t<\/div>\n\t\t\t\t<\/div>\n\t\t<div class=\"elementor-element elementor-element-110bd7f e-flex e-con-boxed e-con e-parent\" data-id=\"110bd7f\" data-element_type=\"container\" data-e-type=\"container\">\n\t\t\t\t\t<div class=\"e-con-inner\">\n\t\t\t\t<div class=\"elementor-element elementor-element-7bc6fb7 upk-ss-btns-style-minimal upk-ss-btns-view-icon-text upk-layout-style--inline upk-ss-position--default upk-ss-btns-color-original elementor-widget elementor-widget-upk-social-share\" data-id=\"7bc6fb7\" data-element_type=\"widget\" data-e-type=\"widget\" data-widget_type=\"upk-social-share.default\">\n\t\t\t\t<div class=\"elementor-widget-container\">\n\t\t\t\t\t\t\t<div class=\"upk-social-share upk-ep-grid\">\n\t\t\t\t\t\t\t<div class=\"upk-social-share-item upk-ep-grid-item\">\n\t\t\t\t\t<div class=\"upk-ss-btn upk-ss-facebook\" data-social=\"facebook\">\n\t\t\t\t\t\t\t\t\t\t\t\t\t<span class=\"upk-ss-icon\">\n\t\t\t\t\t\t\t\t<i class=\"upk-icon-facebook\"><\/i>\n\t\t\t\t\t\t\t<\/span>\n\t\t\t\t\t\t\t\t\t\t\t\t\t\t\t\t\t\t\t<div class=\"upk-social-share-text upk-inline\">\n\t\t\t\t\t\t\t\t\t\t\t\t\t\t\t\t\t<span class=\"upk-social-share-title\">\n\t\t\t\t\t\t\t\t\t\tFacebook\t\t\t\t\t\t\t\t\t<\/span>\n\t\t\t\t\t\t\t\t\t\t\t\t\t\t\t\t\t\t\t\t\t\t\t<\/div>\n\t\t\t\t\t\t\t\t\t\t\t<\/div>\n\t\t\t\t<\/div>\n\t\t\t\t\t\t\t\t<div class=\"upk-social-share-item upk-ep-grid-item\">\n\t\t\t\t\t<div class=\"upk-ss-btn upk-ss-linkedin\" data-social=\"linkedin\">\n\t\t\t\t\t\t\t\t\t\t\t\t\t<span class=\"upk-ss-icon\">\n\t\t\t\t\t\t\t\t<i class=\"upk-icon-linkedin\"><\/i>\n\t\t\t\t\t\t\t<\/span>\n\t\t\t\t\t\t\t\t\t\t\t\t\t\t\t\t\t\t\t<div class=\"upk-social-share-text upk-inline\">\n\t\t\t\t\t\t\t\t\t\t\t\t\t\t\t\t\t<span class=\"upk-social-share-title\">\n\t\t\t\t\t\t\t\t\t\tLinkedin\t\t\t\t\t\t\t\t\t<\/span>\n\t\t\t\t\t\t\t\t\t\t\t\t\t\t\t\t\t\t\t\t\t\t\t<\/div>\n\t\t\t\t\t\t\t\t\t\t\t<\/div>\n\t\t\t\t<\/div>\n\t\t\t\t\t\t\t\t<div class=\"upk-social-share-item upk-ep-grid-item\">\n\t\t\t\t\t<div class=\"upk-ss-btn upk-ss-twitter\" data-social=\"twitter\">\n\t\t\t\t\t\t\t\t\t\t\t\t\t<span class=\"upk-ss-icon\">\n\t\t\t\t\t\t\t\t<i class=\"upk-icon-twitter\"><\/i>\n\t\t\t\t\t\t\t<\/span>\n\t\t\t\t\t\t\t\t\t\t\t\t\t\t\t\t\t\t\t<div class=\"upk-social-share-text upk-inline\">\n\t\t\t\t\t\t\t\t\t\t\t\t\t\t\t\t\t<span class=\"upk-social-share-title\">\n\t\t\t\t\t\t\t\t\t\tTwitter\t\t\t\t\t\t\t\t\t<\/span>\n\t\t\t\t\t\t\t\t\t\t\t\t\t\t\t\t\t\t\t\t\t\t\t<\/div>\n\t\t\t\t\t\t\t\t\t\t\t<\/div>\n\t\t\t\t<\/div>\n\t\t\t\t\t\t\t\t<div class=\"upk-social-share-item upk-ep-grid-item\">\n\t\t\t\t\t<div class=\"upk-ss-btn upk-ss-pinterest\" data-social=\"pinterest\">\n\t\t\t\t\t\t\t\t\t\t\t\t\t<span class=\"upk-ss-icon\">\n\t\t\t\t\t\t\t\t<i class=\"upk-icon-pinterest\"><\/i>\n\t\t\t\t\t\t\t<\/span>\n\t\t\t\t\t\t\t\t\t\t\t\t\t\t\t\t\t\t\t<div class=\"upk-social-share-text upk-inline\">\n\t\t\t\t\t\t\t\t\t\t\t\t\t\t\t\t\t<span class=\"upk-social-share-title\">\n\t\t\t\t\t\t\t\t\t\tPinterest\t\t\t\t\t\t\t\t\t<\/span>\n\t\t\t\t\t\t\t\t\t\t\t\t\t\t\t\t\t\t\t\t\t\t\t<\/div>\n\t\t\t\t\t\t\t\t\t\t\t<\/div>\n\t\t\t\t<\/div>\n\t\t\t\t\t\t<\/div>\n\n\t\t\n\t\t\t\t\t\t<\/div>\n\t\t\t\t<\/div>\n\t\t\t\t\t<\/div>\n\t\t\t\t<\/div>\n\t\t\t\t<\/div>\n\t\t","protected":false},"excerpt":{"rendered":"<p>Amikor a sarki r\u00f3ka vad\u00e1szni indul, te is c\u00e9lba veszed az eget Az \u00e9letben a leg\u00e9rt\u00e9kesebb pillanatok rendszerint azok, amelyek f\u00f6l\u00f6tt nincs teljes befoly\u00e1sunk. Amelyeket nem lehet pontosan megtervezni \u00e9s be\u00fctemezni, amelyek az univerzum szesz\u00e9ly\u00e9re vannak b\u00edzva, amelyeket csup\u00e1n a mellkast sz\u00e9tfesz\u00edt\u0151 rem\u00e9ny \u00e9ltet, hogy tal\u00e1n megt\u00f6rt\u00e9nnek, \u00e9s amelyek ha minden bizonytalans\u00e1g ellen\u00e9re t\u00e9nyleg megval\u00f3sulnak, &#8230; <a title=\"Amikor a sarki r\u00f3ka vad\u00e1szni indul, te is c\u00e9lba veszed az eget\" class=\"read-more\" href=\"https:\/\/vehirlife.hu\/index.php\/2024\/05\/30\/vilagga-mentem-majd-jovok-2\/\" aria-label=\"Read more about Amikor a sarki r\u00f3ka vad\u00e1szni indul, te is c\u00e9lba veszed az eget\">Olvass tov\u00e1bb<\/a><\/p>\n","protected":false},"author":1,"featured_media":2058,"comment_status":"closed","ping_status":"closed","sticky":false,"template":"elementor_header_footer","format":"standard","meta":{"footnotes":""},"categories":[84,112,49],"tags":[111,46,102,103],"class_list":["post-2057","post","type-post","status-publish","format-standard","has-post-thumbnail","hentry","category-2024-nyar","category-blokk3","category-iranytu","tag-blokk3","tag-iranytu","tag-sarki-feny","tag-szekeres-david"],"wpmagazine_modules_lite_featured_media_urls":{"thumbnail":["https:\/\/vehirlife.hu\/wp-content\/uploads\/2024\/05\/2024_01_Pello-150x150.jpg",150,150,true],"cvmm-medium":["https:\/\/vehirlife.hu\/wp-content\/uploads\/2024\/05\/2024_01_Pello-300x300.jpg",300,300,true],"cvmm-medium-plus":["https:\/\/vehirlife.hu\/wp-content\/uploads\/2024\/05\/2024_01_Pello-305x207.jpg",305,207,true],"cvmm-portrait":["https:\/\/vehirlife.hu\/wp-content\/uploads\/2024\/05\/2024_01_Pello-400x600.jpg",400,600,true],"cvmm-medium-square":["https:\/\/vehirlife.hu\/wp-content\/uploads\/2024\/05\/2024_01_Pello-600x600.jpg",600,600,true],"cvmm-large":["https:\/\/vehirlife.hu\/wp-content\/uploads\/2024\/05\/2024_01_Pello-1024x1000.jpg",1024,1000,true],"cvmm-small":["https:\/\/vehirlife.hu\/wp-content\/uploads\/2024\/05\/2024_01_Pello-130x95.jpg",130,95,true],"full":["https:\/\/vehirlife.hu\/wp-content\/uploads\/2024\/05\/2024_01_Pello.jpg",1500,1000,false]},"categories_names":{"84":{"name":"2024 ny\u00e1r","link":"https:\/\/vehirlife.hu\/index.php\/category\/2024-nyar\/"},"112":{"name":"blokk3","link":"https:\/\/vehirlife.hu\/index.php\/category\/blokk3\/"},"49":{"name":"Ir\u00e1nyt\u0171","link":"https:\/\/vehirlife.hu\/index.php\/category\/iranytu\/"}},"tags_names":{"111":{"name":"blokk3","link":"https:\/\/vehirlife.hu\/index.php\/tag\/blokk3\/"},"46":{"name":"Ir\u00e1nyt\u0171","link":"https:\/\/vehirlife.hu\/index.php\/tag\/iranytu\/"},"102":{"name":"sarki f\u00e9ny","link":"https:\/\/vehirlife.hu\/index.php\/tag\/sarki-feny\/"},"103":{"name":"Szekeres D\u00e1vid","link":"https:\/\/vehirlife.hu\/index.php\/tag\/szekeres-david\/"}},"comments_number":"0","rttpg_featured_image_url":{"full":["https:\/\/vehirlife.hu\/wp-content\/uploads\/2024\/05\/2024_01_Pello.jpg",1500,1000,false],"landscape":["https:\/\/vehirlife.hu\/wp-content\/uploads\/2024\/05\/2024_01_Pello.jpg",1500,1000,false],"portraits":["https:\/\/vehirlife.hu\/wp-content\/uploads\/2024\/05\/2024_01_Pello.jpg",1500,1000,false],"thumbnail":["https:\/\/vehirlife.hu\/wp-content\/uploads\/2024\/05\/2024_01_Pello-150x150.jpg",150,150,true],"medium":["https:\/\/vehirlife.hu\/wp-content\/uploads\/2024\/05\/2024_01_Pello-300x200.jpg",300,200,true],"large":["https:\/\/vehirlife.hu\/wp-content\/uploads\/2024\/05\/2024_01_Pello-1024x683.jpg",1024,683,true],"1536x1536":["https:\/\/vehirlife.hu\/wp-content\/uploads\/2024\/05\/2024_01_Pello.jpg",1500,1000,false],"2048x2048":["https:\/\/vehirlife.hu\/wp-content\/uploads\/2024\/05\/2024_01_Pello.jpg",1500,1000,false],"cvmm-medium":["https:\/\/vehirlife.hu\/wp-content\/uploads\/2024\/05\/2024_01_Pello-300x300.jpg",300,300,true],"cvmm-medium-plus":["https:\/\/vehirlife.hu\/wp-content\/uploads\/2024\/05\/2024_01_Pello-305x207.jpg",305,207,true],"cvmm-portrait":["https:\/\/vehirlife.hu\/wp-content\/uploads\/2024\/05\/2024_01_Pello-400x600.jpg",400,600,true],"cvmm-medium-square":["https:\/\/vehirlife.hu\/wp-content\/uploads\/2024\/05\/2024_01_Pello-600x600.jpg",600,600,true],"cvmm-large":["https:\/\/vehirlife.hu\/wp-content\/uploads\/2024\/05\/2024_01_Pello-1024x1000.jpg",1024,1000,true],"cvmm-small":["https:\/\/vehirlife.hu\/wp-content\/uploads\/2024\/05\/2024_01_Pello-130x95.jpg",130,95,true]},"rttpg_author":{"display_name":false,"author_link":"https:\/\/vehirlife.hu\/index.php\/author\/admin_2uh85u12\/"},"rttpg_comment":0,"rttpg_category":"<a href=\"https:\/\/vehirlife.hu\/index.php\/category\/2024-nyar\/\" rel=\"category tag\">2024 ny\u00e1r<\/a> <a href=\"https:\/\/vehirlife.hu\/index.php\/category\/blokk3\/\" rel=\"category tag\">blokk3<\/a> <a href=\"https:\/\/vehirlife.hu\/index.php\/category\/iranytu\/\" rel=\"category tag\">Ir\u00e1nyt\u0171<\/a>","rttpg_excerpt":"Amikor a sarki r\u00f3ka vad\u00e1szni indul, te is c\u00e9lba veszed az eget Az \u00e9letben a leg\u00e9rt\u00e9kesebb pillanatok rendszerint azok, amelyek f\u00f6l\u00f6tt nincs teljes befoly\u00e1sunk. Amelyeket nem lehet pontosan megtervezni \u00e9s be\u00fctemezni, amelyek az univerzum szesz\u00e9ly\u00e9re vannak b\u00edzva, amelyeket csup\u00e1n a mellkast sz\u00e9tfesz\u00edt\u0151 rem\u00e9ny \u00e9ltet, hogy tal\u00e1n megt\u00f6rt\u00e9nnek, \u00e9s amelyek ha minden bizonytalans\u00e1g ellen\u00e9re t\u00e9nyleg megval\u00f3sulnak,&hellip;","_links":{"self":[{"href":"https:\/\/vehirlife.hu\/index.php\/wp-json\/wp\/v2\/posts\/2057","targetHints":{"allow":["GET"]}}],"collection":[{"href":"https:\/\/vehirlife.hu\/index.php\/wp-json\/wp\/v2\/posts"}],"about":[{"href":"https:\/\/vehirlife.hu\/index.php\/wp-json\/wp\/v2\/types\/post"}],"author":[{"embeddable":true,"href":"https:\/\/vehirlife.hu\/index.php\/wp-json\/wp\/v2\/users\/1"}],"replies":[{"embeddable":true,"href":"https:\/\/vehirlife.hu\/index.php\/wp-json\/wp\/v2\/comments?post=2057"}],"version-history":[{"count":4,"href":"https:\/\/vehirlife.hu\/index.php\/wp-json\/wp\/v2\/posts\/2057\/revisions"}],"predecessor-version":[{"id":2064,"href":"https:\/\/vehirlife.hu\/index.php\/wp-json\/wp\/v2\/posts\/2057\/revisions\/2064"}],"wp:featuredmedia":[{"embeddable":true,"href":"https:\/\/vehirlife.hu\/index.php\/wp-json\/wp\/v2\/media\/2058"}],"wp:attachment":[{"href":"https:\/\/vehirlife.hu\/index.php\/wp-json\/wp\/v2\/media?parent=2057"}],"wp:term":[{"taxonomy":"category","embeddable":true,"href":"https:\/\/vehirlife.hu\/index.php\/wp-json\/wp\/v2\/categories?post=2057"},{"taxonomy":"post_tag","embeddable":true,"href":"https:\/\/vehirlife.hu\/index.php\/wp-json\/wp\/v2\/tags?post=2057"}],"curies":[{"name":"wp","href":"https:\/\/api.w.org\/{rel}","templated":true}]}}