{"id":1979,"date":"2024-05-30T12:42:25","date_gmt":"2024-05-30T12:42:25","guid":{"rendered":"https:\/\/vehirlife.hu\/?p=1979"},"modified":"2024-05-31T12:39:04","modified_gmt":"2024-05-31T12:39:04","slug":"gyogyito-mancsok-2","status":"publish","type":"post","link":"https:\/\/vehirlife.hu\/index.php\/2024\/05\/30\/gyogyito-mancsok-2\/","title":{"rendered":"\u201eVagy belehalsz a neh\u00e9zs\u00e9gbe, vagy f\u00f6l\u00e9bredsz t\u0151le\u201d"},"content":{"rendered":"\t\t<div data-elementor-type=\"wp-post\" data-elementor-id=\"1979\" class=\"elementor elementor-1979\">\n\t\t\t\t<div class=\"elementor-element elementor-element-2aa64a9 e-flex e-con-boxed e-con e-parent\" data-id=\"2aa64a9\" data-element_type=\"container\" data-e-type=\"container\">\n\t\t\t\t\t<div class=\"e-con-inner\">\n\t\t\t\t<div class=\"elementor-element elementor-element-9af4cd8 elementor-widget__width-inherit elementor-widget elementor-widget-image\" data-id=\"9af4cd8\" data-element_type=\"widget\" data-e-type=\"widget\" data-widget_type=\"image.default\">\n\t\t\t\t<div class=\"elementor-widget-container\">\n\t\t\t\t\t\t\t\t\t\t\t\t\t\t\t<img fetchpriority=\"high\" decoding=\"async\" width=\"1500\" height=\"1000\" src=\"https:\/\/vehirlife.hu\/wp-content\/uploads\/2024\/05\/IMG_0058.jpg\" class=\"attachment-full size-full wp-image-1981\" alt=\"\" srcset=\"https:\/\/vehirlife.hu\/wp-content\/uploads\/2024\/05\/IMG_0058.jpg 1500w, https:\/\/vehirlife.hu\/wp-content\/uploads\/2024\/05\/IMG_0058-300x200.jpg 300w, https:\/\/vehirlife.hu\/wp-content\/uploads\/2024\/05\/IMG_0058-1024x683.jpg 1024w, https:\/\/vehirlife.hu\/wp-content\/uploads\/2024\/05\/IMG_0058-768x512.jpg 768w\" sizes=\"(max-width: 1500px) 100vw, 1500px\" \/>\t\t\t\t\t\t\t\t\t\t\t\t\t\t\t<\/div>\n\t\t\t\t<\/div>\n\t\t\t\t\t<\/div>\n\t\t\t\t<\/div>\n\t\t<div class=\"elementor-element elementor-element-b6d41bb e-flex e-con-boxed e-con e-parent\" data-id=\"b6d41bb\" data-element_type=\"container\" data-e-type=\"container\">\n\t\t\t\t\t<div class=\"e-con-inner\">\n\t\t\t\t<div class=\"elementor-element elementor-element-2f72d8e elementor-widget elementor-widget-heading\" data-id=\"2f72d8e\" data-element_type=\"widget\" data-e-type=\"widget\" data-widget_type=\"heading.default\">\n\t\t\t\t<div class=\"elementor-widget-container\">\n\t\t\t\t\t<h1 class=\"elementor-heading-title elementor-size-default\">\u201eVagy belehalsz a neh\u00e9zs\u00e9gbe, vagy f\u00f6l\u00e9bredsz t\u0151le\u201d\n<\/h1>\t\t\t\t<\/div>\n\t\t\t\t<\/div>\n\t\t\t\t<div class=\"elementor-element elementor-element-e45bc39 elementor-widget elementor-widget-text-editor\" data-id=\"e45bc39\" data-element_type=\"widget\" data-e-type=\"widget\" data-widget_type=\"text-editor.default\">\n\t\t\t\t<div class=\"elementor-widget-container\">\n\t\t\t\t\t\t\t\t\t<p><b>Feny\u0151 Iv\u00e1n sz\u00ednm\u0171v\u00e9sz nemr\u00e9g Veszpr\u00e9m vend\u00e9ge volt. A <\/b><b><i>V\u00e1llalj felel\u0151ss\u00e9get az \u00e9leted\u00e9rt!<\/i><\/b><b> c\u00edm\u0171 besz\u00e9lget\u00e9st k\u00f6vet\u0151en mi is feltehett\u00fck neki k\u00e9rd\u00e9seinket, t\u00f6bbek k\u00f6z\u00f6tt arra vonatkoz\u00f3an, mi\u00e9rt j\u00f3, ha az ember \u00f6nismerettel foglalkozik, hogyan lehet r\u00e1\u00e9bredni, hogy rossz \u00faton j\u00e1runk, \u00e9s megtudtuk azt is, milyen elv\u00e1r\u00e1sokat t\u00e1maszt a t\u00e1rsadalom a sz\u00ednm\u0171v\u00e9sz fel\u00e9, ami\u00f3ta egy majdnem v\u00e9gzetes baleset k\u00f6vetkezt\u00e9ben a tudatoss\u00e1g fel\u00e9, az \u00f6nismeretet \u00fatj\u00e1ra l\u00e9pett.\u00a0<\/b><\/p>\t\t\t\t\t\t\t\t<\/div>\n\t\t\t\t<\/div>\n\t\t\t\t<div class=\"elementor-element elementor-element-c22fa0f elementor-widget-divider--view-line elementor-widget elementor-widget-divider\" data-id=\"c22fa0f\" data-element_type=\"widget\" data-e-type=\"widget\" data-widget_type=\"divider.default\">\n\t\t\t\t<div class=\"elementor-widget-container\">\n\t\t\t\t\t\t\t<div class=\"elementor-divider\">\n\t\t\t<span class=\"elementor-divider-separator\">\n\t\t\t\t\t\t<\/span>\n\t\t<\/div>\n\t\t\t\t\t\t<\/div>\n\t\t\t\t<\/div>\n\t\t\t\t\t<\/div>\n\t\t\t\t<\/div>\n\t\t<div class=\"elementor-element elementor-element-4de356a e-flex e-con-boxed e-con e-parent\" data-id=\"4de356a\" data-element_type=\"container\" data-e-type=\"container\">\n\t\t\t\t\t<div class=\"e-con-inner\">\n\t\t\t\t<div class=\"elementor-element elementor-element-8c08618 elementor-drop-cap-yes elementor-drop-cap-view-default elementor-widget elementor-widget-text-editor\" data-id=\"8c08618\" data-element_type=\"widget\" data-e-type=\"widget\" data-settings=\"{&quot;drop_cap&quot;:&quot;yes&quot;}\" data-widget_type=\"text-editor.default\">\n\t\t\t\t<div class=\"elementor-widget-container\">\n\t\t\t\t\t\t\t\t\t<p><b>Hogyan lehet felismerni a pontot, hogy komoly \u00f6nismereti \u00fatra van sz\u00fcks\u00e9g? T\u00e9telezz\u00fck fel, hogy az ember \u00f6sszess\u00e9g\u00e9ben j\u00f3l \u00e9rzi mag\u00e1t. Mik\u00e9nt \u00e9rhetj\u00fck el, hogy ne egy hal\u00e1lk\u00f6zeli \u00e9lm\u00e9ny vezessen el benn\u00fcnket a meg\u00e9rt\u00e9s \u00f6sv\u00e9ny\u00e9re?\u00a0<\/b><\/p><p><span style=\"font-weight: 400;\">Fontos, hogy n\u00e9ha az ember kicsit r\u00e1n\u00e9zzen mag\u00e1ra, elm\u00e9lyedjen mag\u00e1ban, \u00e9s k\u00e9rd\u00e9seket fogalmazzon meg. Eg\u00e9szs\u00e9ges vagyok? Igen vagy nem? Van p\u00e1rom? Igen vagy nem? Szexualit\u00e1s milyen? J\u00f3, vagy nem j\u00f3 \u00e9s lehetne jobb? A sz\u00fcleimmel rendben van a kapcsolatom? Igen (b\u00e1r el\u00e9g ritka, hogy az ember r\u00f6gt\u00f6n r\u00e1 tudja v\u00e1gni), vagy ez\u00e9rt \u00e9s ez\u00e9rt nincs rendben. Agresszi\u00f3val hogy \u00e1llok? Alul m\u0171k\u00f6dik, vagy t\u00falm\u0171k\u00f6dik? Esetleg a hely\u00e9n van k\u00f6z\u00e9pen? Meg tudom magam v\u00e9deni? Igen, vagy sokszor nem, \u00e9s kompenz\u00e1lok? Vagy \u00e9ppen t\u00falzottan felrobbanok, vagy mindig megfelelek? Megs\u00e9rt\u0151d\u00f6m \u00e9s hevesebben reag\u00e1lok, ha b\u00e1ntanak? Ezt is meg kell vizsg\u00e1ljam. Tudom merre halad az \u00e9letem? Igen, tudom \u00e9s j\u00f3l vagyok, vagy nem, de ezzel is j\u00f3l vagyok. S\u0151t: j\u00f3l vagyok \u00e9n azzal is, hogy nem vagyok j\u00f3l. Akkor mir\u0151l is besz\u00e9l\u00fcnk? Ha t\u00e9nyleg j\u00f3 minden, akkor nem kell felt\u00e9tlen\u00fcl keresgetni, hogy mi nem j\u00f3 val\u00f3j\u00e1ban. Igen ritka, ha a felsorolt k\u00e9rd\u00e9sekre mind pozit\u00edv a v\u00e1lasz, de nem lehetetlen. Nem lehetetlen, hogy az ember kibillenthetetlen legyen. Ha ez \u00edgy van, akkor rendk\u00edv\u00fcl magasan van a tudatszintje. Nem kell felt\u00e9tlen\u00fcl tal\u00e1lni valamit, a f\u0151, hogy \u00e9retten kezelj\u00fck a dolgokat, hogy jelen legy\u00fcnk, \u00e9s figyelj\u00fcnk maxim\u00e1lisan arra, hogy mi t\u00f6rt\u00e9nik vel\u00fcnk \u00e9s k\u00f6r\u00fcl\u00f6tt\u00fcnk.\u00a0<\/span><\/p><p><b>Teh\u00e1t k\u00e9rd\u00e9sfeltev\u00e9ssel ker\u00fclhet\u00fcnk k\u00f6zelebb a v\u00e1laszhoz?\u00a0<\/b><\/p><p><span style=\"font-weight: 400;\">Is, de nem felt\u00e9tlen. Val\u00f3j\u00e1ban a vizsg\u00e1l\u00e1s sz\u00f3 a helyes. Amint l\u00e1tszik, hogy nem stimmel valami a vizsg\u00e1land\u00f3 ter\u00fcleten, akkor m\u00e1ris el lehet indulni egy sz\u00e1l ment\u00e9n. Ilyenkor \u00e9rdekes dolgokra bukkanhatsz, olyanokra, amelyekr\u0151l \u2013 b\u00e1r \u00e9rezhetted, hogy kibillentenek, de \u2013 nem gondoltad volna, hogy ennyire nem vagy vel\u00fck rendben. \u00c9n az\u00e9rt kezdtem el foglalkozni az \u00f6nvizsg\u00e1lattal, mert iszonyatosan f\u00e1jt akkor minden. Az \u00e9let.\u00a0<\/span><\/p>\t\t\t\t\t\t\t\t<\/div>\n\t\t\t\t<\/div>\n\t\t\t\t\t<\/div>\n\t\t\t\t<\/div>\n\t\t<div class=\"elementor-element elementor-element-c8de3fb e-flex e-con-boxed e-con e-parent\" data-id=\"c8de3fb\" data-element_type=\"container\" data-e-type=\"container\">\n\t\t\t\t\t<div class=\"e-con-inner\">\n\t\t\t\t<div class=\"elementor-element elementor-element-c8a0063 elementor-widget elementor-widget-image\" data-id=\"c8a0063\" data-element_type=\"widget\" data-e-type=\"widget\" data-widget_type=\"image.default\">\n\t\t\t\t<div class=\"elementor-widget-container\">\n\t\t\t\t\t\t\t\t\t\t\t\t\t\t\t<img decoding=\"async\" width=\"1500\" height=\"1000\" src=\"https:\/\/vehirlife.hu\/wp-content\/uploads\/2024\/05\/IMG_0147.jpg\" class=\"attachment-full size-full wp-image-1980\" alt=\"\" srcset=\"https:\/\/vehirlife.hu\/wp-content\/uploads\/2024\/05\/IMG_0147.jpg 1500w, https:\/\/vehirlife.hu\/wp-content\/uploads\/2024\/05\/IMG_0147-300x200.jpg 300w, https:\/\/vehirlife.hu\/wp-content\/uploads\/2024\/05\/IMG_0147-1024x683.jpg 1024w, https:\/\/vehirlife.hu\/wp-content\/uploads\/2024\/05\/IMG_0147-768x512.jpg 768w\" sizes=\"(max-width: 1500px) 100vw, 1500px\" \/>\t\t\t\t\t\t\t\t\t\t\t\t\t\t\t<\/div>\n\t\t\t\t<\/div>\n\t\t\t\t\t<\/div>\n\t\t\t\t<\/div>\n\t\t<div class=\"elementor-element elementor-element-ebe96b3 e-flex e-con-boxed e-con e-parent\" data-id=\"ebe96b3\" data-element_type=\"container\" data-e-type=\"container\">\n\t\t\t\t\t<div class=\"e-con-inner\">\n\t\t\t\t<div class=\"elementor-element elementor-element-b9d4f2a elementor-drop-cap-yes elementor-drop-cap-view-default elementor-widget elementor-widget-text-editor\" data-id=\"b9d4f2a\" data-element_type=\"widget\" data-e-type=\"widget\" data-settings=\"{&quot;drop_cap&quot;:&quot;yes&quot;}\" data-widget_type=\"text-editor.default\">\n\t\t\t\t<div class=\"elementor-widget-container\">\n\t\t\t\t\t\t\t\t\t<p><b>Enn\u00e9l az \u00fatn\u00e1l van meg\u00e9rkez\u00e9s?\u00a0<\/b><\/p><p><span style=\"font-weight: 400;\">Nem tudom. A hal\u00e1ln\u00e1l biztos nincsen v\u00e9ge. Az \u00e9letnek sosincs v\u00e9ge, \u00edgy ennek az \u00fatnak sem. A hal\u00e1llal csak a testnek lesz v\u00e9ge, meg a szem\u00e9lyis\u00e9gnek, de neked nem lesz v\u00e9ged, hiszen te nem az vagy, nem a szem\u00e9lyis\u00e9g vagy. Ha most r\u00e1j\u00f6ssz, hogy val\u00f3j\u00e1ban ki vagy, akkor megl\u00e1tod, hogy nem ez az alak, nem ez a test, amiben benne vagy. Ami elt\u0171nik, az vagy igaz\u00e1n te. Az a l\u00e9lek, er\u0151, energia. Az a huszonegy gramm. Az igazi \u00e9let, ami kisz\u00e1ll a testb\u0151l, \u00e9s tov\u00e1bbmegy. F\u00e9lre\u00e9rt\u00e9sben \u00e9l\u00fcnk teh\u00e1t: azt hissz\u00fck, egyenl\u0151ek vagyunk a test\u00fcnkkel. B\u00e1r \u00e9rz\u00e9kelj\u00fck ezt az emberi testet, de azt m\u00e1r csak hissz\u00fck \u00e9s megtanultuk, hogy azonosak vagyunk vele. \u00cdgy neveltek benn\u00fcnket. A medit\u00e1ci\u00f3ban meg lehet \u00e9lni azt a k\u00fcl\u00f6nleges \u00e1llapotot, hogy nem \u00e9rzed a tested.\u00a0<\/span><\/p><p><b>Szerinted mi a legjobb emberi tulajdons\u00e1g?<\/b><\/p><p><span style=\"font-weight: 400;\">Az els\u0151k, amelyek az eszembe jutnak, hogy szeretetteljes, empatikus, \u00e9s hogy r\u00e1l\u00e1t\u00f3, tudatos. Tal\u00e1n ez mind ugyanarr\u00f3l sz\u00f3l. Az igazi szeretetteljess\u00e9get, a val\u00f3di emp\u00e1ti\u00e1t tal\u00e1n fel sem tudjuk fogni. Amikor t\u00e9nyleg mindenkire figyelsz. Magadra is. Ha rosszat tett, ha nem, mindenkivel mindig j\u00f3nak lenni. N\u00e9ha hat\u00e1rozottan fel is kell l\u00e9pni valamivel szemben. Ilyen volt J\u00e9zus.<\/span><\/p><p><b>Te is erre t\u00f6rekszel? J\u00f3nak lenni, amennyire csak lehet?<\/b><\/p><p><span style=\"font-weight: 400;\">Igen.<\/span><\/p><p><b>Nem f\u00e1raszt\u00f3?\u00a0<\/b><\/p><p><span style=\"font-weight: 400;\">N\u00e9ha az. De nem er\u0151ltetem eg\u00e9szs\u00e9gtelen\u00fcl, \u00fagy fogalmazn\u00e9k ink\u00e1bb, hogy figyelek r\u00e1. Felteszem a k\u00e9rd\u00e9st magamnak, milyen legyek? Milyen lehetek? Kimondhatom az igazs\u00e1got? Kimondhatom az igazat? Amit val\u00f3j\u00e1ban gondolok? Kimondhatom, hogy nincs most kedvem ehhez, amit \u00e9ppen csin\u00e1lunk? Igen. Magammal is szeretetteljesnek kell lennem.\u00a0<\/span><\/p>\t\t\t\t\t\t\t\t<\/div>\n\t\t\t\t<\/div>\n\t\t\t\t\t<\/div>\n\t\t\t\t<\/div>\n\t\t<div class=\"elementor-element elementor-element-7f2b0a0 e-flex e-con-boxed e-con e-parent\" data-id=\"7f2b0a0\" data-element_type=\"container\" data-e-type=\"container\">\n\t\t\t\t\t<div class=\"e-con-inner\">\n\t\t\t\t\t<\/div>\n\t\t\t\t<\/div>\n\t\t<div class=\"elementor-element elementor-element-1ae6f2b e-flex e-con-boxed e-con e-parent\" data-id=\"1ae6f2b\" data-element_type=\"container\" data-e-type=\"container\">\n\t\t\t\t\t<div class=\"e-con-inner\">\n\t\t\t\t<div class=\"elementor-element elementor-element-548eccd elementor-widget elementor-widget-image\" data-id=\"548eccd\" data-element_type=\"widget\" data-e-type=\"widget\" data-widget_type=\"image.default\">\n\t\t\t\t<div class=\"elementor-widget-container\">\n\t\t\t\t\t\t\t\t\t\t\t\t\t\t\t<img decoding=\"async\" width=\"1500\" height=\"1000\" src=\"https:\/\/vehirlife.hu\/wp-content\/uploads\/2024\/05\/IMG_0143.jpg\" class=\"attachment-full size-full wp-image-1982\" alt=\"\" srcset=\"https:\/\/vehirlife.hu\/wp-content\/uploads\/2024\/05\/IMG_0143.jpg 1500w, https:\/\/vehirlife.hu\/wp-content\/uploads\/2024\/05\/IMG_0143-300x200.jpg 300w, https:\/\/vehirlife.hu\/wp-content\/uploads\/2024\/05\/IMG_0143-1024x683.jpg 1024w, https:\/\/vehirlife.hu\/wp-content\/uploads\/2024\/05\/IMG_0143-768x512.jpg 768w\" sizes=\"(max-width: 1500px) 100vw, 1500px\" \/>\t\t\t\t\t\t\t\t\t\t\t\t\t\t\t<\/div>\n\t\t\t\t<\/div>\n\t\t\t\t\t<\/div>\n\t\t\t\t<\/div>\n\t\t<div class=\"elementor-element elementor-element-d12a3cd e-flex e-con-boxed e-con e-parent\" data-id=\"d12a3cd\" data-element_type=\"container\" data-e-type=\"container\">\n\t\t\t\t\t<div class=\"e-con-inner\">\n\t\t\t\t<div class=\"elementor-element elementor-element-51f617d elementor-drop-cap-yes elementor-drop-cap-view-default elementor-widget elementor-widget-text-editor\" data-id=\"51f617d\" data-element_type=\"widget\" data-e-type=\"widget\" data-settings=\"{&quot;drop_cap&quot;:&quot;yes&quot;}\" data-widget_type=\"text-editor.default\">\n\t\t\t\t<div class=\"elementor-widget-container\">\n\t\t\t\t\t\t\t\t\t<p><b>Eml\u00edtetted az emp\u00e1ti\u00e1t. Szerinted az, akit egyszer m\u00e1r meg\u00e9rintett a v\u00e9g, elfogad\u00f3bb lesz?\u00a0<\/b><\/p><p><span style=\"font-weight: 400;\">Ez idealiz\u00e1l\u00e1s. Van olyan, aki majdnem meghal, m\u00e9gsem lesz jobb ember. Sz\u00e9tny\u00edlik alatta a f\u00f6ld, de ugyanaz az ego marad, ami volt. S\u0151t, bekem\u00e9nyedik. Valaki pedig val\u00f3ban megvil\u00e1gosodik.\u00a0<\/span><\/p><p><b>Az el\u0151ad\u00e1sodban sok sz\u00f3 esett a f\u00e9rfi nemr\u0151l. Szerinted mit\u0151l lesz egy f\u00e9rfi igazi f\u00e9rfi? Arra utalt\u00e1l kor\u00e1bban, nem att\u00f3l, hogy j\u00f3 er\u0151s, nagy izmot n\u00f6veszt\u2026<\/b><\/p><p><span style=\"font-weight: 400;\">Nem, nem att\u00f3l, mondom ezt \u00fagy, hogy val\u00f3sz\u00edn\u0171leg \u00e9n sem vagyok el\u00e9g f\u00e9rfi. Vagy legal\u00e1bbis sokat kompenz\u00e1ltam \u00e9s kompenz\u00e1lok a mai napig azzal, hogy er\u0151s akarok lenni.\u00a0<\/span><\/p><p><b>Mit kompenz\u00e1lsz?\u00a0<\/b><\/p><p><span style=\"font-weight: 400;\">Bizonytalans\u00e1got, \u00f6n\u00e9rt\u00e9kel\u00e9si zavart, kisfi\u00fas\u00e1got, b\u00e9nas\u00e1got. Az a f\u00e9rfi viszont, aki t\u00e9nyleg csak a test\u00e9nek ad, a lelk\u00e9nek nem, az nem, hogy nem f\u00e9rfi, de tal\u00e1n nem is ember. Sokan vannak, akik m\u00e9lyen a test\u00fckben \u00e9lnek, azzal azonosulnak, \u00e9s csak arra figyelnek.\u00a0<\/span><\/p><p><b>Te milyen f\u00e9rfi szeretn\u00e9l lenni?\u00a0<\/b><\/p><p><span style=\"font-weight: 400;\">Igaz\u00e1b\u00f3l semmilyen: tal\u00e1n azzal, hogy bel\u00e1tom, mit kompenz\u00e1lok a testemmel, m\u00e9g \u201ef\u00e9rfibb\u201d, m\u00e9g val\u00f3dibb vagyok. Ha igazi, \u00e9rett, tudatos, stabil reakci\u00f3kat adok, akkor azt hiszem, j\u00f3 \u00faton j\u00e1rok.<\/span><\/p><p><b>Ilyennek l\u00e1tod magad k\u00f6r\u00fcl az embereket?\u00a0<\/b><\/p><p><span style=\"font-weight: 400;\">A legnagyobb gond, hogy sokan eg\u00e9szen egyszer\u0171en vakok. Automat\u00e1k, reakt\u00edvak, tanult m\u00f3don viselkednek, nincsenek tudat\u00e1ban, mit mi\u00e9rt csin\u00e1lnak, mi zajlik \u00e9ppen benn\u00fck, nem l\u00e1tnak r\u00e1 magukra. Eg\u00f3k j\u00e1tszm\u00e1znak, nem k\u00e9rnek bocs\u00e1natot, ahol sz\u00fcks\u00e9g lenne r\u00e1, \u00e9s nem tudnak megbocs\u00e1jtani sem. Nem j\u00f3l kommunik\u00e1lnak, nem empatikusak, nem figyelmesek, nem szeretetteljesek. Sem fizikailag, sem lelkileg. \u00c9s azt hiszik, \u0151k szeretnek, holott, ha kell\u0151en \u00e9lesek vagyunk, azt sem tudj\u00e1k, mi az igazi szeretet.\u00a0<\/span><\/p><p><b>Amikor ilyen emberek vannak k\u00f6r\u00fcl\u00f6tted, megpr\u00f3b\u00e1lsz r\u00e1vil\u00e1g\u00edtani, hogy reflekt\u00e1ljanak saj\u00e1t magukra?\u00a0<\/b><\/p><p><span style=\"font-weight: 400;\">Igen.\u00a0<\/span><\/p><p><b>Ha k\u00e9rik, ha nem?\u00a0<\/b><\/p><p><span style=\"font-weight: 400;\">Igen \u2013 \u00e9s ez nem biztos, hogy j\u00f3.\u00a0<\/span><\/p><p><b>Ebben misszi\u00f3 is van? Felnyitn\u00e1d az emberek szemeit?\u00a0<\/b><\/p><p><span style=\"font-weight: 400;\">Van benne ilyen is, de ezzel finoman kell b\u00e1nni, hiszen ki tudja, \u00e9n l\u00e1tom-e j\u00f3l a vil\u00e1got. Vannak olyan szemtelen eg\u00f3k, akik azt mondj\u00e1k: <\/span><i><span style=\"font-weight: 400;\">szerintem nekem te ne mondd meg, hiszen a ti\u00e9d is csak egy v\u00e9lem\u00e9ny, \u00e9s az eny\u00e9m is csak egy v\u00e9lem\u00e9ny.<\/span><\/i><span style=\"font-weight: 400;\"> \u00c9s ugyanakkor hogy ez valahol igaz, m\u00e1shol meg m\u00e9gsem. Mert egy megvil\u00e1gosodottabb ember l\u00e1t\u00e1sm\u00f3dja \u00e9s v\u00e9lem\u00e9nye k\u00f6zelebb van az abszol\u00fat igazs\u00e1ghoz, mint az \u00e9n l\u00e1t\u00e1sm\u00f3dom \u00e9s v\u00e9lem\u00e9nyem.<\/span> <span style=\"font-weight: 400;\">Ha mond valamit egy gonosztev\u0151, meg egy Eckhart Tolle, akkor hi\u00e1ba van k\u00e9tf\u00e9le v\u00e9lem\u00e9ny\u00fck. Ha van benn\u00fcnk al\u00e1zat, m\u00e1r egy \u00e9bred\u0151 tudatoss\u00e1g, jobban hallgatunk a tiszt\u00e1bb, magasabb tud\u00e1s\u00fa v\u00e9lem\u00e9nyre, hisz az k\u00f6zelebb van az abszol\u00fat igazs\u00e1ghoz. A kakaskod\u00e1s m\u00e1s. De ha egy magasabb \u00e9bredetts\u00e9gi szinten l\u00e9v\u0151 ember mond nekem valamit, akkor bel\u00e1tom, hogy \u00e9n m\u00e9g nem tartok ott. \u00c9s m\u00e9g meg is k\u00f6sz\u00f6n\u00f6m neki.\u00a0<\/span><\/p><p><b>Ilyenkor \u00f6r\u00fclni is tudsz?\u00a0<\/b><\/p><p><span style=\"font-weight: 400;\">Nagyon. Szeretem, ha engem seg\u00edtenek, kijav\u00edtanak. Nem adok vissza olyat, hogy nekem te ne dum\u00e1lj. Hanem elfogadom, \u00e9s azt mondom:<\/span> <span style=\"font-weight: 400;\">jogos. Egy-egy besz\u00e9lget\u00e9sb\u0151l hamar kider\u00fclhet, hogy a m\u00e1sik hol tart. Egy \u00e9bred\u0151 ember \u00e9rzi, hogy aki vele szemben \u00e1ll, az magasabb tudatszinten van-e, azaz \u00e9bredetteb, vagy sem. Ezt a mondataib\u00f3l, hozz\u00e1\u00e1ll\u00e1s\u00e1b\u00f3l j\u00f3l lehet \u00e9rz\u00e9kelni.\u00a0<\/span><\/p><p><b>Milyen visszajelz\u00e9seket kapsz, amelyek miatt \u00fagy \u00e9rzed, meg\u00e9ri csin\u00e1lni?<\/b><\/p><p><span style=\"font-weight: 400;\">Valahogy azt \u00e9rzem, hogy mivel itt vagyok, ez a dolgom, csin\u00e1lnom kell. De nem az\u00e9rt, hogy azt\u00e1n megk\u00f6sz\u00f6nj\u00e9k nekem, persze j\u00f3l esik a kellemes visszajelz\u00e9s, de a c\u00e9lja nem ez, nem ez\u00e9rt csin\u00e1lom. Ez nem olyan, mint a sz\u00edn\u00e9szet, amikor v\u00e1rjuk, hogy a v\u00e9g\u00e9n tapsoljanak. Tudatosan teszem, de nem mondhatom, hogy v\u00e1laszt\u00e1s k\u00e9rd\u00e9se. Nem \u00e9reztem azt, hogy tudn\u00e1m a nemleges d\u00f6nt\u00e9st is v\u00e1lasztani. Val\u00f3sz\u00edn\u0171leg ez a feladatom.\u00a0<\/span><\/p><p><span style=\"font-weight: 400;\">\u00a0<\/span><\/p><p><em>Szab\u00f3 Eszter \/ Fot\u00f3: Szalai Csaba<\/em><\/p><p><span style=\"font-weight: 400;\">\u00a0<\/span><\/p>\t\t\t\t\t\t\t\t<\/div>\n\t\t\t\t<\/div>\n\t\t\t\t\t<\/div>\n\t\t\t\t<\/div>\n\t\t<div class=\"elementor-element elementor-element-110bd7f e-flex e-con-boxed e-con e-parent\" data-id=\"110bd7f\" data-element_type=\"container\" data-e-type=\"container\">\n\t\t\t\t\t<div class=\"e-con-inner\">\n\t\t\t\t<div class=\"elementor-element elementor-element-7bc6fb7 upk-ss-btns-style-minimal upk-ss-btns-view-icon-text upk-layout-style--inline upk-ss-position--default upk-ss-btns-color-original elementor-widget elementor-widget-upk-social-share\" data-id=\"7bc6fb7\" data-element_type=\"widget\" data-e-type=\"widget\" data-widget_type=\"upk-social-share.default\">\n\t\t\t\t<div class=\"elementor-widget-container\">\n\t\t\t\t\t\t\t<div class=\"upk-social-share upk-ep-grid\">\n\t\t\t\t\t\t\t<div class=\"upk-social-share-item upk-ep-grid-item\">\n\t\t\t\t\t<div class=\"upk-ss-btn upk-ss-facebook\" data-social=\"facebook\">\n\t\t\t\t\t\t\t\t\t\t\t\t\t<span class=\"upk-ss-icon\">\n\t\t\t\t\t\t\t\t<i class=\"upk-icon-facebook\"><\/i>\n\t\t\t\t\t\t\t<\/span>\n\t\t\t\t\t\t\t\t\t\t\t\t\t\t\t\t\t\t\t<div class=\"upk-social-share-text upk-inline\">\n\t\t\t\t\t\t\t\t\t\t\t\t\t\t\t\t\t<span class=\"upk-social-share-title\">\n\t\t\t\t\t\t\t\t\t\tFacebook\t\t\t\t\t\t\t\t\t<\/span>\n\t\t\t\t\t\t\t\t\t\t\t\t\t\t\t\t\t\t\t\t\t\t\t<\/div>\n\t\t\t\t\t\t\t\t\t\t\t<\/div>\n\t\t\t\t<\/div>\n\t\t\t\t\t\t\t\t<div class=\"upk-social-share-item upk-ep-grid-item\">\n\t\t\t\t\t<div class=\"upk-ss-btn upk-ss-linkedin\" data-social=\"linkedin\">\n\t\t\t\t\t\t\t\t\t\t\t\t\t<span class=\"upk-ss-icon\">\n\t\t\t\t\t\t\t\t<i class=\"upk-icon-linkedin\"><\/i>\n\t\t\t\t\t\t\t<\/span>\n\t\t\t\t\t\t\t\t\t\t\t\t\t\t\t\t\t\t\t<div class=\"upk-social-share-text upk-inline\">\n\t\t\t\t\t\t\t\t\t\t\t\t\t\t\t\t\t<span class=\"upk-social-share-title\">\n\t\t\t\t\t\t\t\t\t\tLinkedin\t\t\t\t\t\t\t\t\t<\/span>\n\t\t\t\t\t\t\t\t\t\t\t\t\t\t\t\t\t\t\t\t\t\t\t<\/div>\n\t\t\t\t\t\t\t\t\t\t\t<\/div>\n\t\t\t\t<\/div>\n\t\t\t\t\t\t\t\t<div class=\"upk-social-share-item upk-ep-grid-item\">\n\t\t\t\t\t<div class=\"upk-ss-btn upk-ss-twitter\" data-social=\"twitter\">\n\t\t\t\t\t\t\t\t\t\t\t\t\t<span class=\"upk-ss-icon\">\n\t\t\t\t\t\t\t\t<i class=\"upk-icon-twitter\"><\/i>\n\t\t\t\t\t\t\t<\/span>\n\t\t\t\t\t\t\t\t\t\t\t\t\t\t\t\t\t\t\t<div class=\"upk-social-share-text upk-inline\">\n\t\t\t\t\t\t\t\t\t\t\t\t\t\t\t\t\t<span class=\"upk-social-share-title\">\n\t\t\t\t\t\t\t\t\t\tTwitter\t\t\t\t\t\t\t\t\t<\/span>\n\t\t\t\t\t\t\t\t\t\t\t\t\t\t\t\t\t\t\t\t\t\t\t<\/div>\n\t\t\t\t\t\t\t\t\t\t\t<\/div>\n\t\t\t\t<\/div>\n\t\t\t\t\t\t\t\t<div class=\"upk-social-share-item upk-ep-grid-item\">\n\t\t\t\t\t<div class=\"upk-ss-btn upk-ss-pinterest\" data-social=\"pinterest\">\n\t\t\t\t\t\t\t\t\t\t\t\t\t<span class=\"upk-ss-icon\">\n\t\t\t\t\t\t\t\t<i class=\"upk-icon-pinterest\"><\/i>\n\t\t\t\t\t\t\t<\/span>\n\t\t\t\t\t\t\t\t\t\t\t\t\t\t\t\t\t\t\t<div class=\"upk-social-share-text upk-inline\">\n\t\t\t\t\t\t\t\t\t\t\t\t\t\t\t\t\t<span class=\"upk-social-share-title\">\n\t\t\t\t\t\t\t\t\t\tPinterest\t\t\t\t\t\t\t\t\t<\/span>\n\t\t\t\t\t\t\t\t\t\t\t\t\t\t\t\t\t\t\t\t\t\t\t<\/div>\n\t\t\t\t\t\t\t\t\t\t\t<\/div>\n\t\t\t\t<\/div>\n\t\t\t\t\t\t<\/div>\n\n\t\t\n\t\t\t\t\t\t<\/div>\n\t\t\t\t<\/div>\n\t\t<div class=\"elementor-element elementor-element-7ca5925 e-flex e-con-boxed e-con e-child\" data-id=\"7ca5925\" data-element_type=\"container\" data-e-type=\"container\">\n\t\t\t\t\t<div class=\"e-con-inner\">\n\t\t\t\t\t<\/div>\n\t\t\t\t<\/div>\n\t\t\t\t\t<\/div>\n\t\t\t\t<\/div>\n\t\t\t\t<\/div>\n\t\t","protected":false},"excerpt":{"rendered":"<p>\u201eVagy belehalsz a neh\u00e9zs\u00e9gbe, vagy f\u00f6l\u00e9bredsz t\u0151le\u201d Feny\u0151 Iv\u00e1n sz\u00ednm\u0171v\u00e9sz nemr\u00e9g Veszpr\u00e9m vend\u00e9ge volt. A V\u00e1llalj felel\u0151ss\u00e9get az \u00e9leted\u00e9rt! c\u00edm\u0171 besz\u00e9lget\u00e9st k\u00f6vet\u0151en mi is feltehett\u00fck neki k\u00e9rd\u00e9seinket, t\u00f6bbek k\u00f6z\u00f6tt arra vonatkoz\u00f3an, mi\u00e9rt j\u00f3, ha az ember \u00f6nismerettel foglalkozik, hogyan lehet r\u00e1\u00e9bredni, hogy rossz \u00faton j\u00e1runk, \u00e9s megtudtuk azt is, milyen elv\u00e1r\u00e1sokat t\u00e1maszt a t\u00e1rsadalom a &#8230; <a title=\"\u201eVagy belehalsz a neh\u00e9zs\u00e9gbe, vagy f\u00f6l\u00e9bredsz t\u0151le\u201d\" class=\"read-more\" href=\"https:\/\/vehirlife.hu\/index.php\/2024\/05\/30\/gyogyito-mancsok-2\/\" aria-label=\"Read more about \u201eVagy belehalsz a neh\u00e9zs\u00e9gbe, vagy f\u00f6l\u00e9bredsz t\u0151le\u201d\">Olvass tov\u00e1bb<\/a><\/p>\n","protected":false},"author":1,"featured_media":1981,"comment_status":"closed","ping_status":"closed","sticky":false,"template":"elementor_header_footer","format":"standard","meta":{"footnotes":""},"categories":[84,112,40],"tags":[111,88],"class_list":["post-1979","post","type-post","status-publish","format-standard","has-post-thumbnail","hentry","category-2024-nyar","category-blokk3","category-caffe-latte","tag-blokk3","tag-fenyo-ivan"],"wpmagazine_modules_lite_featured_media_urls":{"thumbnail":["https:\/\/vehirlife.hu\/wp-content\/uploads\/2024\/05\/IMG_0058-150x150.jpg",150,150,true],"cvmm-medium":["https:\/\/vehirlife.hu\/wp-content\/uploads\/2024\/05\/IMG_0058-300x300.jpg",300,300,true],"cvmm-medium-plus":["https:\/\/vehirlife.hu\/wp-content\/uploads\/2024\/05\/IMG_0058-305x207.jpg",305,207,true],"cvmm-portrait":["https:\/\/vehirlife.hu\/wp-content\/uploads\/2024\/05\/IMG_0058-400x600.jpg",400,600,true],"cvmm-medium-square":["https:\/\/vehirlife.hu\/wp-content\/uploads\/2024\/05\/IMG_0058-600x600.jpg",600,600,true],"cvmm-large":["https:\/\/vehirlife.hu\/wp-content\/uploads\/2024\/05\/IMG_0058-1024x1000.jpg",1024,1000,true],"cvmm-small":["https:\/\/vehirlife.hu\/wp-content\/uploads\/2024\/05\/IMG_0058-130x95.jpg",130,95,true],"full":["https:\/\/vehirlife.hu\/wp-content\/uploads\/2024\/05\/IMG_0058.jpg",1500,1000,false]},"categories_names":{"84":{"name":"2024 ny\u00e1r","link":"https:\/\/vehirlife.hu\/index.php\/category\/2024-nyar\/"},"112":{"name":"blokk3","link":"https:\/\/vehirlife.hu\/index.php\/category\/blokk3\/"},"40":{"name":"Caff\u00e9 latte","link":"https:\/\/vehirlife.hu\/index.php\/category\/caffe-latte\/"}},"tags_names":{"111":{"name":"blokk3","link":"https:\/\/vehirlife.hu\/index.php\/tag\/blokk3\/"},"88":{"name":"Feny\u0151 Iv\u00e1n","link":"https:\/\/vehirlife.hu\/index.php\/tag\/fenyo-ivan\/"}},"comments_number":"0","rttpg_featured_image_url":{"full":["https:\/\/vehirlife.hu\/wp-content\/uploads\/2024\/05\/IMG_0058.jpg",1500,1000,false],"landscape":["https:\/\/vehirlife.hu\/wp-content\/uploads\/2024\/05\/IMG_0058.jpg",1500,1000,false],"portraits":["https:\/\/vehirlife.hu\/wp-content\/uploads\/2024\/05\/IMG_0058.jpg",1500,1000,false],"thumbnail":["https:\/\/vehirlife.hu\/wp-content\/uploads\/2024\/05\/IMG_0058-150x150.jpg",150,150,true],"medium":["https:\/\/vehirlife.hu\/wp-content\/uploads\/2024\/05\/IMG_0058-300x200.jpg",300,200,true],"large":["https:\/\/vehirlife.hu\/wp-content\/uploads\/2024\/05\/IMG_0058-1024x683.jpg",1024,683,true],"1536x1536":["https:\/\/vehirlife.hu\/wp-content\/uploads\/2024\/05\/IMG_0058.jpg",1500,1000,false],"2048x2048":["https:\/\/vehirlife.hu\/wp-content\/uploads\/2024\/05\/IMG_0058.jpg",1500,1000,false],"cvmm-medium":["https:\/\/vehirlife.hu\/wp-content\/uploads\/2024\/05\/IMG_0058-300x300.jpg",300,300,true],"cvmm-medium-plus":["https:\/\/vehirlife.hu\/wp-content\/uploads\/2024\/05\/IMG_0058-305x207.jpg",305,207,true],"cvmm-portrait":["https:\/\/vehirlife.hu\/wp-content\/uploads\/2024\/05\/IMG_0058-400x600.jpg",400,600,true],"cvmm-medium-square":["https:\/\/vehirlife.hu\/wp-content\/uploads\/2024\/05\/IMG_0058-600x600.jpg",600,600,true],"cvmm-large":["https:\/\/vehirlife.hu\/wp-content\/uploads\/2024\/05\/IMG_0058-1024x1000.jpg",1024,1000,true],"cvmm-small":["https:\/\/vehirlife.hu\/wp-content\/uploads\/2024\/05\/IMG_0058-130x95.jpg",130,95,true]},"rttpg_author":{"display_name":false,"author_link":"https:\/\/vehirlife.hu\/index.php\/author\/admin_2uh85u12\/"},"rttpg_comment":0,"rttpg_category":"<a href=\"https:\/\/vehirlife.hu\/index.php\/category\/2024-nyar\/\" rel=\"category tag\">2024 ny\u00e1r<\/a> <a href=\"https:\/\/vehirlife.hu\/index.php\/category\/blokk3\/\" rel=\"category tag\">blokk3<\/a> <a href=\"https:\/\/vehirlife.hu\/index.php\/category\/caffe-latte\/\" rel=\"category tag\">Caff\u00e9 latte<\/a>","rttpg_excerpt":"\u201eVagy belehalsz a neh\u00e9zs\u00e9gbe, vagy f\u00f6l\u00e9bredsz t\u0151le\u201d Feny\u0151 Iv\u00e1n sz\u00ednm\u0171v\u00e9sz nemr\u00e9g Veszpr\u00e9m vend\u00e9ge volt. A V\u00e1llalj felel\u0151ss\u00e9get az \u00e9leted\u00e9rt! c\u00edm\u0171 besz\u00e9lget\u00e9st k\u00f6vet\u0151en mi is feltehett\u00fck neki k\u00e9rd\u00e9seinket, t\u00f6bbek k\u00f6z\u00f6tt arra vonatkoz\u00f3an, mi\u00e9rt j\u00f3, ha az ember \u00f6nismerettel foglalkozik, hogyan lehet r\u00e1\u00e9bredni, hogy rossz \u00faton j\u00e1runk, \u00e9s megtudtuk azt is, milyen elv\u00e1r\u00e1sokat t\u00e1maszt a t\u00e1rsadalom a&hellip;","_links":{"self":[{"href":"https:\/\/vehirlife.hu\/index.php\/wp-json\/wp\/v2\/posts\/1979","targetHints":{"allow":["GET"]}}],"collection":[{"href":"https:\/\/vehirlife.hu\/index.php\/wp-json\/wp\/v2\/posts"}],"about":[{"href":"https:\/\/vehirlife.hu\/index.php\/wp-json\/wp\/v2\/types\/post"}],"author":[{"embeddable":true,"href":"https:\/\/vehirlife.hu\/index.php\/wp-json\/wp\/v2\/users\/1"}],"replies":[{"embeddable":true,"href":"https:\/\/vehirlife.hu\/index.php\/wp-json\/wp\/v2\/comments?post=1979"}],"version-history":[{"count":5,"href":"https:\/\/vehirlife.hu\/index.php\/wp-json\/wp\/v2\/posts\/1979\/revisions"}],"predecessor-version":[{"id":1987,"href":"https:\/\/vehirlife.hu\/index.php\/wp-json\/wp\/v2\/posts\/1979\/revisions\/1987"}],"wp:featuredmedia":[{"embeddable":true,"href":"https:\/\/vehirlife.hu\/index.php\/wp-json\/wp\/v2\/media\/1981"}],"wp:attachment":[{"href":"https:\/\/vehirlife.hu\/index.php\/wp-json\/wp\/v2\/media?parent=1979"}],"wp:term":[{"taxonomy":"category","embeddable":true,"href":"https:\/\/vehirlife.hu\/index.php\/wp-json\/wp\/v2\/categories?post=1979"},{"taxonomy":"post_tag","embeddable":true,"href":"https:\/\/vehirlife.hu\/index.php\/wp-json\/wp\/v2\/tags?post=1979"}],"curies":[{"name":"wp","href":"https:\/\/api.w.org\/{rel}","templated":true}]}}