{"id":1375,"date":"2023-11-10T10:39:45","date_gmt":"2023-11-10T10:39:45","guid":{"rendered":"https:\/\/vehirlife.hu\/?p=1375"},"modified":"2023-11-13T11:06:06","modified_gmt":"2023-11-13T11:06:06","slug":"dijesot-hozott-magaval-a-pannon-egyetem-dokumentumfilmje","status":"publish","type":"post","link":"https:\/\/vehirlife.hu\/index.php\/2023\/11\/10\/dijesot-hozott-magaval-a-pannon-egyetem-dokumentumfilmje\/","title":{"rendered":"D\u00edjes\u0151t hozott mag\u00e1val a Pannon Egyetem dokumentumfilmje"},"content":{"rendered":"\t\t<div data-elementor-type=\"wp-post\" data-elementor-id=\"1375\" class=\"elementor elementor-1375\">\n\t\t\t\t<div class=\"elementor-element elementor-element-2aa64a9 e-flex e-con-boxed e-con e-parent\" data-id=\"2aa64a9\" data-element_type=\"container\" data-e-type=\"container\">\n\t\t\t\t\t<div class=\"e-con-inner\">\n\t\t\t\t<div class=\"elementor-element elementor-element-9af4cd8 elementor-widget__width-inherit elementor-widget elementor-widget-image\" data-id=\"9af4cd8\" data-element_type=\"widget\" data-e-type=\"widget\" data-widget_type=\"image.default\">\n\t\t\t\t<div class=\"elementor-widget-container\">\n\t\t\t\t\t\t\t\t\t\t\t\t\t\t\t<img fetchpriority=\"high\" decoding=\"async\" width=\"2048\" height=\"1366\" src=\"https:\/\/vehirlife.hu\/wp-content\/uploads\/2023\/11\/DA507730-ARW-V-k.jpg\" class=\"attachment-full size-full wp-image-1377\" alt=\"\" srcset=\"https:\/\/vehirlife.hu\/wp-content\/uploads\/2023\/11\/DA507730-ARW-V-k.jpg 2048w, https:\/\/vehirlife.hu\/wp-content\/uploads\/2023\/11\/DA507730-ARW-V-k-300x200.jpg 300w, https:\/\/vehirlife.hu\/wp-content\/uploads\/2023\/11\/DA507730-ARW-V-k-1024x683.jpg 1024w, https:\/\/vehirlife.hu\/wp-content\/uploads\/2023\/11\/DA507730-ARW-V-k-768x512.jpg 768w, https:\/\/vehirlife.hu\/wp-content\/uploads\/2023\/11\/DA507730-ARW-V-k-1536x1025.jpg 1536w\" sizes=\"(max-width: 2048px) 100vw, 2048px\" \/>\t\t\t\t\t\t\t\t\t\t\t\t\t\t\t<\/div>\n\t\t\t\t<\/div>\n\t\t\t\t\t<\/div>\n\t\t\t\t<\/div>\n\t\t<div class=\"elementor-element elementor-element-b6d41bb e-flex e-con-boxed e-con e-parent\" data-id=\"b6d41bb\" data-element_type=\"container\" data-e-type=\"container\">\n\t\t\t\t\t<div class=\"e-con-inner\">\n\t\t\t\t<div class=\"elementor-element elementor-element-2f72d8e elementor-widget elementor-widget-heading\" data-id=\"2f72d8e\" data-element_type=\"widget\" data-e-type=\"widget\" data-widget_type=\"heading.default\">\n\t\t\t\t<div class=\"elementor-widget-container\">\n\t\t\t\t\t<h1 class=\"elementor-heading-title elementor-size-default\">D\u00edjes\u0151t hozott mag\u00e1val a Pannon Egyetem dokumentumfilmje<\/h1>\t\t\t\t<\/div>\n\t\t\t\t<\/div>\n\t\t\t\t<div class=\"elementor-element elementor-element-e45bc39 elementor-widget elementor-widget-text-editor\" data-id=\"e45bc39\" data-element_type=\"widget\" data-e-type=\"widget\" data-widget_type=\"text-editor.default\">\n\t\t\t\t<div class=\"elementor-widget-container\">\n\t\t\t\t\t\t\t\t\t<p class=\"p1\"><strong><span class=\"s1\"><i>\u201eNincs m\u00e1sik bolyg\u00f3nk \u00e9s nincs B-terv. Nincs id\u0151nk. Nem hib\u00e1zhatunk.\u201d<\/i><\/span> \u2013 Ez a z\u00e1r\u00f3mondata a <span class=\"s1\"><i>There Is No Planet B<\/i><\/span> c\u00edm\u0171 r\u00f6vid dokumentumfilmnek. Az angol elnevez\u00e9s ellen\u00e9re viszont nagyon is magyar alkot\u00e1sr\u00f3l van sz\u00f3, s\u0151t veszpr\u00e9mi produkci\u00f3r\u00f3l, amit a Pannon Egyetem gondoz\u00e1s\u00e1ban k\u00e9sz\u00edtettek el m\u00e9g 2022-ben, az\u00f3ta pedig sorra nyeri a d\u00edjakat a nemzetk\u00f6zi filmfesztiv\u00e1lokon.<\/strong><\/p>\t\t\t\t\t\t\t\t<\/div>\n\t\t\t\t<\/div>\n\t\t\t\t<div class=\"elementor-element elementor-element-c22fa0f elementor-widget-divider--view-line elementor-widget elementor-widget-divider\" data-id=\"c22fa0f\" data-element_type=\"widget\" data-e-type=\"widget\" data-widget_type=\"divider.default\">\n\t\t\t\t<div class=\"elementor-widget-container\">\n\t\t\t\t\t\t\t<div class=\"elementor-divider\">\n\t\t\t<span class=\"elementor-divider-separator\">\n\t\t\t\t\t\t<\/span>\n\t\t<\/div>\n\t\t\t\t\t\t<\/div>\n\t\t\t\t<\/div>\n\t\t\t\t\t<\/div>\n\t\t\t\t<\/div>\n\t\t<div class=\"elementor-element elementor-element-47aaf94 e-flex e-con-boxed e-con e-parent\" data-id=\"47aaf94\" data-element_type=\"container\" data-e-type=\"container\">\n\t\t\t\t\t<div class=\"e-con-inner\">\n\t\t\t\t<div class=\"elementor-element elementor-element-c484283 elementor-widget elementor-widget-text-editor\" data-id=\"c484283\" data-element_type=\"widget\" data-e-type=\"widget\" data-widget_type=\"text-editor.default\">\n\t\t\t\t<div class=\"elementor-widget-container\">\n\t\t\t\t\t\t\t\t\t<p class=\"p1\"><span class=\"s1\">Ez persze nem v\u00e9letlen, hiszen amellett, hogy min\u0151s\u00e9g\u00e9t tekintve a filmes szakma kr\u00e9mje is csettinthet egyet, hogy na, ez val\u00f3ban kiv\u00e1l\u00f3 munka lett, t\u00e9m\u00e1j\u00e1t tekintve egy nagyon aktu\u00e1lis probl\u00e9m\u00e1hoz ny\u00fal hozz\u00e1, r\u00e1ad\u00e1sul tabud\u00f6nt\u00f6get\u0151 m\u00f3don.<\/span><\/p><p class=\"p1\"><span class=\"s1\"><i>\u201eNincs id\u0151. Nem hib\u00e1zhatunk.\u201d<\/i> \u2013 Az id\u00e9zett mondat <i>dr. Gelencs\u00e9r Andr\u00e1s<\/i> l\u00e9gk\u00f6rkutat\u00f3, a Pannon Egyetem rektor\u00e1nak sz\u00e1j\u00e1b\u00f3l hangzik el, miut\u00e1n a negyed\u00f3r\u00e1s film t\u00f6m\u00f6ren, \u00e1m ann\u00e1l \u00e1t\u00fct\u0151bb er\u0151vel j\u00e1rja k\u00f6rbe a kl\u00edmav\u00e1ltoz\u00e1s \u00e9s ezzel egy\u00fctt a kl\u00edmaszorong\u00e1s k\u00e9rd\u00e9sk\u00f6r\u00e9t. Megjelenik benne a tagad\u00e1s, a szkepszis, a bizonytalans\u00e1g, a sokszor torokszor\u00edt\u00f3 retteg\u00e9s, ami egy\u00e1ltal\u00e1n nem filmes t\u00falz\u00e1s egy kl\u00edmaszorong\u00f3 fiatal eset\u00e9ben, erre tudom\u00e1nyos bizony\u00edt\u00e9kokat is felsorakoztatnak. Mindezt egy veszpr\u00e9mi egyetemista (Nagy Krisztina) n\u00e9z\u0151pontj\u00e1b\u00f3l mutatja be a There Is No Planet B, aki mellett a tudom\u00e1ny k\u00e9pvisel\u0151ik\u00e9nt megjelenik a filmben <i>dr. Rost\u00e1si \u00c1gnes<\/i>, a M\u00e9rn\u00f6ki Kar d\u00e9k\u00e1nhelyettese \u00e9s a m\u00e1r eml\u00edtett Gelencs\u00e9r professzor is.<\/span><\/p><p class=\"p1\"><span class=\"s1\">A r\u00f6vidfilm tabud\u00f6nt\u00f6get\u0151 mivoltja els\u0151sorban abban rejlik, hogy nem t\u00fcneti kezel\u00e9st k\u00edn\u00e1l az \u00e9vezred\u00fcnk egyik legfenyeget\u0151bb kih\u00edv\u00e1s\u00e1ra, hanem ny\u00edltan szembe mer n\u00e9zni a kl\u00edmav\u00e1ltoz\u00e1ssal \u00e9s annak minden k\u00f6vetkezm\u00e9ny\u00e9vel. Ez pedig els\u0151re val\u00f3ban f\u00e9lelmetesnek t\u0171nhet, de van egy kulcsmondat, ami b\u00e1rmennyire is k\u00e9nyelmetlen, de lehet\u0151s\u00e9get ad arra, hogy a gondolkod\u00e1sunk \u00e1talak\u00edt\u00e1s\u00e1val ne okozzon a kialakult helyzet p\u00e1nikot az emberis\u00e9gben. Ezt nem l\u0151j\u00fck le el\u0151re, csak azt, hogy akkor hangzik el, amikor a rektor a z\u00e1r\u00f3jelenetben egy kietlen bauxitb\u00e1ny\u00e1ban s\u00e9t\u00e1l \u00e9s monol\u00f3gj\u00e1ban elmondja, hogy kiknek a szav\u00e1t kell ilyenkor meghallani.<\/span><\/p><p class=\"p1\"><span class=\"s1\">A film egy \u00edzig-v\u00e9rig veszpr\u00e9mi alkot\u00e1s, hiszen a szerepl\u0151k mellett a k\u00e9sz\u00edt\u0151k is a v\u00e1roshoz, azon bel\u00fcl is a Pannon Egyetemhez k\u00f6t\u0151dnek. A k\u00e9t rendez\u0151, <i>Elekes G\u00e1bor<\/i> \u00e9s <i>Horv\u00e1th Vir\u00e1g<\/i> is itt v\u00e9gezte tanulm\u00e1nyait, ahogy a filmes projekt vezet\u0151je, <i>dr. Andr\u00e1s Ferenc<\/i> is a Hum\u00e1ntudom\u00e1nyi Kar oktat\u00f3ja.<\/span><\/p><p class=\"p1\"><span class=\"s1\">A There Is No Planet B elkezdte \u00e1tt\u00f6rni a kl\u00edmav\u00e1ltoz\u00e1s kezel\u00e9se k\u00f6r\u00fcl kialakult b\u00far\u00e1t, ami alatt eddig val\u00f3s cselekedetek helyett csak hangzatos szlogenek \u00e1lltak. Ezt pedig a nemzetk\u00f6zi k\u00f6z\u00f6ns\u00e9g is elismerte. Olyannyira, hogy a film Jap\u00e1nb\u00f3l, Indi\u00e1b\u00f3l, Olaszorsz\u00e1gb\u00f3l \u00e9s Bosznia-Hercegovin\u00e1b\u00f3l is hozott el d\u00edjat az ottani filmfesztiv\u00e1lokr\u00f3l, az egyik legnagyobb elismer\u00e9s pedig egyenesen az USA-b\u00f3l, azon bel\u00fcl is a <i>Chicago Nemzetk\u00f6zi Filmfesztiv\u00e1l<\/i>r\u00f3l \u00e9rkezett, ahol szint\u00e9n d\u00edjazt\u00e1k az alkot\u00e1st.<\/span><\/p><p class=\"p1\"><span class=\"s1\">A k\u00e9sz\u00edt\u0151k nemr\u00e9g bejelentett\u00e9k, hogy m\u00e1r k\u00e9sz\u00fcl a dokumentumfilm folytat\u00e1sa, ami elhagyja a r\u00f6vidfilm form\u00e1tum\u00e1t \u00e9s imm\u00e1ron egy eg\u00e9sz est\u00e9s alkot\u00e1sban, sokkal m\u00e9lyebben \u00e9s m\u00e9g t\u00f6bb tudom\u00e1nyos szaktekint\u00e9lyt megsz\u00f3laltatva j\u00e1rja k\u00f6rbe a t\u00e9m\u00e1t.<\/span><\/p><p><em>Szerz\u0151: Hajas B\u00e1lint, Fot\u00f3: Pannon Egyetem<\/em><\/p>\t\t\t\t\t\t\t\t<\/div>\n\t\t\t\t<\/div>\n\t\t\t\t\t<\/div>\n\t\t\t\t<\/div>\n\t\t<div class=\"elementor-element elementor-element-110bd7f e-flex e-con-boxed e-con e-parent\" data-id=\"110bd7f\" data-element_type=\"container\" data-e-type=\"container\">\n\t\t\t\t\t<div class=\"e-con-inner\">\n\t\t\t\t<div class=\"elementor-element elementor-element-7bc6fb7 upk-ss-btns-style-minimal upk-ss-btns-view-icon-text upk-layout-style--inline upk-ss-position--default upk-ss-btns-color-original elementor-widget elementor-widget-upk-social-share\" data-id=\"7bc6fb7\" data-element_type=\"widget\" data-e-type=\"widget\" data-widget_type=\"upk-social-share.default\">\n\t\t\t\t<div class=\"elementor-widget-container\">\n\t\t\t\t\t\t\t<div class=\"upk-social-share upk-ep-grid\">\n\t\t\t\t\t\t\t<div class=\"upk-social-share-item upk-ep-grid-item\">\n\t\t\t\t\t<div class=\"upk-ss-btn upk-ss-facebook\" data-social=\"facebook\">\n\t\t\t\t\t\t\t\t\t\t\t\t\t<span class=\"upk-ss-icon\">\n\t\t\t\t\t\t\t\t<i class=\"upk-icon-facebook\"><\/i>\n\t\t\t\t\t\t\t<\/span>\n\t\t\t\t\t\t\t\t\t\t\t\t\t\t\t\t\t\t\t<div class=\"upk-social-share-text upk-inline\">\n\t\t\t\t\t\t\t\t\t\t\t\t\t\t\t\t\t<span class=\"upk-social-share-title\">\n\t\t\t\t\t\t\t\t\t\tFacebook\t\t\t\t\t\t\t\t\t<\/span>\n\t\t\t\t\t\t\t\t\t\t\t\t\t\t\t\t\t\t\t\t\t\t\t<\/div>\n\t\t\t\t\t\t\t\t\t\t\t<\/div>\n\t\t\t\t<\/div>\n\t\t\t\t\t\t\t\t<div class=\"upk-social-share-item upk-ep-grid-item\">\n\t\t\t\t\t<div class=\"upk-ss-btn upk-ss-linkedin\" data-social=\"linkedin\">\n\t\t\t\t\t\t\t\t\t\t\t\t\t<span class=\"upk-ss-icon\">\n\t\t\t\t\t\t\t\t<i class=\"upk-icon-linkedin\"><\/i>\n\t\t\t\t\t\t\t<\/span>\n\t\t\t\t\t\t\t\t\t\t\t\t\t\t\t\t\t\t\t<div class=\"upk-social-share-text upk-inline\">\n\t\t\t\t\t\t\t\t\t\t\t\t\t\t\t\t\t<span class=\"upk-social-share-title\">\n\t\t\t\t\t\t\t\t\t\tLinkedin\t\t\t\t\t\t\t\t\t<\/span>\n\t\t\t\t\t\t\t\t\t\t\t\t\t\t\t\t\t\t\t\t\t\t\t<\/div>\n\t\t\t\t\t\t\t\t\t\t\t<\/div>\n\t\t\t\t<\/div>\n\t\t\t\t\t\t\t\t<div class=\"upk-social-share-item upk-ep-grid-item\">\n\t\t\t\t\t<div class=\"upk-ss-btn upk-ss-twitter\" data-social=\"twitter\">\n\t\t\t\t\t\t\t\t\t\t\t\t\t<span class=\"upk-ss-icon\">\n\t\t\t\t\t\t\t\t<i class=\"upk-icon-twitter\"><\/i>\n\t\t\t\t\t\t\t<\/span>\n\t\t\t\t\t\t\t\t\t\t\t\t\t\t\t\t\t\t\t<div class=\"upk-social-share-text upk-inline\">\n\t\t\t\t\t\t\t\t\t\t\t\t\t\t\t\t\t<span class=\"upk-social-share-title\">\n\t\t\t\t\t\t\t\t\t\tTwitter\t\t\t\t\t\t\t\t\t<\/span>\n\t\t\t\t\t\t\t\t\t\t\t\t\t\t\t\t\t\t\t\t\t\t\t<\/div>\n\t\t\t\t\t\t\t\t\t\t\t<\/div>\n\t\t\t\t<\/div>\n\t\t\t\t\t\t\t\t<div class=\"upk-social-share-item upk-ep-grid-item\">\n\t\t\t\t\t<div class=\"upk-ss-btn upk-ss-pinterest\" data-social=\"pinterest\">\n\t\t\t\t\t\t\t\t\t\t\t\t\t<span class=\"upk-ss-icon\">\n\t\t\t\t\t\t\t\t<i class=\"upk-icon-pinterest\"><\/i>\n\t\t\t\t\t\t\t<\/span>\n\t\t\t\t\t\t\t\t\t\t\t\t\t\t\t\t\t\t\t<div class=\"upk-social-share-text upk-inline\">\n\t\t\t\t\t\t\t\t\t\t\t\t\t\t\t\t\t<span class=\"upk-social-share-title\">\n\t\t\t\t\t\t\t\t\t\tPinterest\t\t\t\t\t\t\t\t\t<\/span>\n\t\t\t\t\t\t\t\t\t\t\t\t\t\t\t\t\t\t\t\t\t\t\t<\/div>\n\t\t\t\t\t\t\t\t\t\t\t<\/div>\n\t\t\t\t<\/div>\n\t\t\t\t\t\t<\/div>\n\n\t\t\n\t\t\t\t\t\t<\/div>\n\t\t\t\t<\/div>\n\t\t\t\t\t<\/div>\n\t\t\t\t<\/div>\n\t\t\t\t<\/div>\n\t\t","protected":false},"excerpt":{"rendered":"<p>\u201eNincs m\u00e1sik bolyg\u00f3nk \u00e9s nincs B-terv. Nincs id\u0151nk. Nem hib\u00e1zhatunk.\u201d \u2013 Ez a z\u00e1r\u00f3mondata a There Is No Planet B c\u00edm\u0171 r\u00f6vid dokumentumfilmnek. Az angol elnevez\u00e9s ellen\u00e9re viszont nagyon is magyar alkot\u00e1sr\u00f3l van sz\u00f3, s\u0151t veszpr\u00e9mi produkci\u00f3r\u00f3l, amit a Pannon Egyetem gondoz\u00e1s\u00e1ban k\u00e9sz\u00edtettek el m\u00e9g 2022-ben, az\u00f3ta pedig sorra nyeri a d\u00edjakat a nemzetk\u00f6zi filmfesztiv\u00e1lokon.<\/p>\n","protected":false},"author":1,"featured_media":1377,"comment_status":"closed","ping_status":"closed","sticky":false,"template":"elementor_header_footer","format":"standard","meta":{"footnotes":""},"categories":[74,69],"tags":[73,71,70],"class_list":["post-1375","post","type-post","status-publish","format-standard","has-post-thumbnail","hentry","category-2023-osz","category-buszkesegfal","tag-2023-osz","tag-buszkesegfal","tag-pannon-egyetem"],"wpmagazine_modules_lite_featured_media_urls":{"thumbnail":["https:\/\/vehirlife.hu\/wp-content\/uploads\/2023\/11\/DA507730-ARW-V-k-150x150.jpg",150,150,true],"cvmm-medium":["https:\/\/vehirlife.hu\/wp-content\/uploads\/2023\/11\/DA507730-ARW-V-k.jpg",300,200,false],"cvmm-medium-plus":["https:\/\/vehirlife.hu\/wp-content\/uploads\/2023\/11\/DA507730-ARW-V-k.jpg",305,203,false],"cvmm-portrait":["https:\/\/vehirlife.hu\/wp-content\/uploads\/2023\/11\/DA507730-ARW-V-k.jpg",400,267,false],"cvmm-medium-square":["https:\/\/vehirlife.hu\/wp-content\/uploads\/2023\/11\/DA507730-ARW-V-k.jpg",600,400,false],"cvmm-large":["https:\/\/vehirlife.hu\/wp-content\/uploads\/2023\/11\/DA507730-ARW-V-k.jpg",1024,683,false],"cvmm-small":["https:\/\/vehirlife.hu\/wp-content\/uploads\/2023\/11\/DA507730-ARW-V-k.jpg",130,87,false],"full":["https:\/\/vehirlife.hu\/wp-content\/uploads\/2023\/11\/DA507730-ARW-V-k.jpg",2048,1366,false]},"categories_names":{"74":{"name":"2023 \u0151sz","link":"https:\/\/vehirlife.hu\/index.php\/category\/2023-osz\/"},"69":{"name":"B\u00fcszkes\u00e9gfal","link":"https:\/\/vehirlife.hu\/index.php\/category\/buszkesegfal\/"}},"tags_names":{"73":{"name":"2023 \u0151sz","link":"https:\/\/vehirlife.hu\/index.php\/tag\/2023-osz\/"},"71":{"name":"b\u00fcszkes\u00e9gfal","link":"https:\/\/vehirlife.hu\/index.php\/tag\/buszkesegfal\/"},"70":{"name":"Pannon Egyetem","link":"https:\/\/vehirlife.hu\/index.php\/tag\/pannon-egyetem\/"}},"comments_number":"0","rttpg_featured_image_url":{"full":["https:\/\/vehirlife.hu\/wp-content\/uploads\/2023\/11\/DA507730-ARW-V-k.jpg",2048,1366,false],"landscape":["https:\/\/vehirlife.hu\/wp-content\/uploads\/2023\/11\/DA507730-ARW-V-k.jpg",2048,1366,false],"portraits":["https:\/\/vehirlife.hu\/wp-content\/uploads\/2023\/11\/DA507730-ARW-V-k.jpg",2048,1366,false],"thumbnail":["https:\/\/vehirlife.hu\/wp-content\/uploads\/2023\/11\/DA507730-ARW-V-k-150x150.jpg",150,150,true],"medium":["https:\/\/vehirlife.hu\/wp-content\/uploads\/2023\/11\/DA507730-ARW-V-k-300x200.jpg",300,200,true],"large":["https:\/\/vehirlife.hu\/wp-content\/uploads\/2023\/11\/DA507730-ARW-V-k-1024x683.jpg",1024,683,true],"1536x1536":["https:\/\/vehirlife.hu\/wp-content\/uploads\/2023\/11\/DA507730-ARW-V-k-1536x1025.jpg",1536,1025,true],"2048x2048":["https:\/\/vehirlife.hu\/wp-content\/uploads\/2023\/11\/DA507730-ARW-V-k.jpg",2048,1366,false],"cvmm-medium":["https:\/\/vehirlife.hu\/wp-content\/uploads\/2023\/11\/DA507730-ARW-V-k.jpg",300,200,false],"cvmm-medium-plus":["https:\/\/vehirlife.hu\/wp-content\/uploads\/2023\/11\/DA507730-ARW-V-k.jpg",305,203,false],"cvmm-portrait":["https:\/\/vehirlife.hu\/wp-content\/uploads\/2023\/11\/DA507730-ARW-V-k.jpg",400,267,false],"cvmm-medium-square":["https:\/\/vehirlife.hu\/wp-content\/uploads\/2023\/11\/DA507730-ARW-V-k.jpg",600,400,false],"cvmm-large":["https:\/\/vehirlife.hu\/wp-content\/uploads\/2023\/11\/DA507730-ARW-V-k.jpg",1024,683,false],"cvmm-small":["https:\/\/vehirlife.hu\/wp-content\/uploads\/2023\/11\/DA507730-ARW-V-k.jpg",130,87,false]},"rttpg_author":{"display_name":false,"author_link":"https:\/\/vehirlife.hu\/index.php\/author\/admin_2uh85u12\/"},"rttpg_comment":0,"rttpg_category":"<a href=\"https:\/\/vehirlife.hu\/index.php\/category\/2023-osz\/\" rel=\"category tag\">2023 \u0151sz<\/a> <a href=\"https:\/\/vehirlife.hu\/index.php\/category\/buszkesegfal\/\" rel=\"category tag\">B\u00fcszkes\u00e9gfal<\/a>","rttpg_excerpt":"\u201eNincs m\u00e1sik bolyg\u00f3nk \u00e9s nincs B-terv. Nincs id\u0151nk. Nem hib\u00e1zhatunk.\u201d \u2013 Ez a z\u00e1r\u00f3mondata a There Is No Planet B c\u00edm\u0171 r\u00f6vid dokumentumfilmnek. Az angol elnevez\u00e9s ellen\u00e9re viszont nagyon is magyar alkot\u00e1sr\u00f3l van sz\u00f3, s\u0151t veszpr\u00e9mi produkci\u00f3r\u00f3l, amit a Pannon Egyetem gondoz\u00e1s\u00e1ban k\u00e9sz\u00edtettek el m\u00e9g 2022-ben, az\u00f3ta pedig sorra nyeri a d\u00edjakat a nemzetk\u00f6zi filmfesztiv\u00e1lokon.","_links":{"self":[{"href":"https:\/\/vehirlife.hu\/index.php\/wp-json\/wp\/v2\/posts\/1375","targetHints":{"allow":["GET"]}}],"collection":[{"href":"https:\/\/vehirlife.hu\/index.php\/wp-json\/wp\/v2\/posts"}],"about":[{"href":"https:\/\/vehirlife.hu\/index.php\/wp-json\/wp\/v2\/types\/post"}],"author":[{"embeddable":true,"href":"https:\/\/vehirlife.hu\/index.php\/wp-json\/wp\/v2\/users\/1"}],"replies":[{"embeddable":true,"href":"https:\/\/vehirlife.hu\/index.php\/wp-json\/wp\/v2\/comments?post=1375"}],"version-history":[{"count":11,"href":"https:\/\/vehirlife.hu\/index.php\/wp-json\/wp\/v2\/posts\/1375\/revisions"}],"predecessor-version":[{"id":1719,"href":"https:\/\/vehirlife.hu\/index.php\/wp-json\/wp\/v2\/posts\/1375\/revisions\/1719"}],"wp:featuredmedia":[{"embeddable":true,"href":"https:\/\/vehirlife.hu\/index.php\/wp-json\/wp\/v2\/media\/1377"}],"wp:attachment":[{"href":"https:\/\/vehirlife.hu\/index.php\/wp-json\/wp\/v2\/media?parent=1375"}],"wp:term":[{"taxonomy":"category","embeddable":true,"href":"https:\/\/vehirlife.hu\/index.php\/wp-json\/wp\/v2\/categories?post=1375"},{"taxonomy":"post_tag","embeddable":true,"href":"https:\/\/vehirlife.hu\/index.php\/wp-json\/wp\/v2\/tags?post=1375"}],"curies":[{"name":"wp","href":"https:\/\/api.w.org\/{rel}","templated":true}]}}