{"id":13,"date":"2023-11-02T13:13:19","date_gmt":"2023-11-02T13:13:19","guid":{"rendered":"https:\/\/vehirlife.hu\/?p=13"},"modified":"2023-11-13T11:22:48","modified_gmt":"2023-11-13T11:22:48","slug":"valami-life-and-style","status":"publish","type":"post","link":"https:\/\/vehirlife.hu\/index.php\/2023\/11\/02\/valami-life-and-style\/","title":{"rendered":"HA FALAKBA \u00dcTK\u00d6Z\u00d6L, M\u00c1SSZ FEL RAJTUK!"},"content":{"rendered":"\t\t<div data-elementor-type=\"wp-post\" data-elementor-id=\"13\" class=\"elementor elementor-13\">\n\t\t\t\t<div class=\"elementor-element elementor-element-2aa64a9 e-flex e-con-boxed e-con e-parent\" data-id=\"2aa64a9\" data-element_type=\"container\" data-e-type=\"container\">\n\t\t\t\t\t<div class=\"e-con-inner\">\n\t\t\t\t<div class=\"elementor-element elementor-element-9af4cd8 elementor-widget__width-inherit elementor-widget elementor-widget-image\" data-id=\"9af4cd8\" data-element_type=\"widget\" data-e-type=\"widget\" data-widget_type=\"image.default\">\n\t\t\t\t<div class=\"elementor-widget-container\">\n\t\t\t\t\t\t\t\t\t\t\t\t\t\t\t<img fetchpriority=\"high\" decoding=\"async\" width=\"900\" height=\"599\" src=\"https:\/\/vehirlife.hu\/wp-content\/uploads\/2023\/11\/valastyanaron_vamosip-9_1.jpg\" class=\"attachment-full size-full wp-image-384\" alt=\"\" srcset=\"https:\/\/vehirlife.hu\/wp-content\/uploads\/2023\/11\/valastyanaron_vamosip-9_1.jpg 900w, https:\/\/vehirlife.hu\/wp-content\/uploads\/2023\/11\/valastyanaron_vamosip-9_1-300x200.jpg 300w, https:\/\/vehirlife.hu\/wp-content\/uploads\/2023\/11\/valastyanaron_vamosip-9_1-768x511.jpg 768w\" sizes=\"(max-width: 900px) 100vw, 900px\" \/>\t\t\t\t\t\t\t\t\t\t\t\t\t\t\t<\/div>\n\t\t\t\t<\/div>\n\t\t\t\t\t<\/div>\n\t\t\t\t<\/div>\n\t\t<div class=\"elementor-element elementor-element-b6d41bb e-flex e-con-boxed e-con e-parent\" data-id=\"b6d41bb\" data-element_type=\"container\" data-e-type=\"container\">\n\t\t\t\t\t<div class=\"e-con-inner\">\n\t\t\t\t<div class=\"elementor-element elementor-element-2f72d8e elementor-widget elementor-widget-heading\" data-id=\"2f72d8e\" data-element_type=\"widget\" data-e-type=\"widget\" data-widget_type=\"heading.default\">\n\t\t\t\t<div class=\"elementor-widget-container\">\n\t\t\t\t\t<h1 class=\"elementor-heading-title elementor-size-default\">Ha falakba \u00fctk\u00f6z\u00f6l, m\u00e1ssz fel rajtuk<\/h1>\t\t\t\t<\/div>\n\t\t\t\t<\/div>\n\t\t\t\t<div class=\"elementor-element elementor-element-e45bc39 elementor-widget elementor-widget-text-editor\" data-id=\"e45bc39\" data-element_type=\"widget\" data-e-type=\"widget\" data-widget_type=\"text-editor.default\">\n\t\t\t\t<div class=\"elementor-widget-container\">\n\t\t\t\t\t\t\t\t\t<p><strong>A Bakonyban nem kell sokat utaznunk, hogy sziklafalat tal\u00e1ljunk, ezek k\u00f6z\u00fcl j\u00f3 n\u00e9h\u00e1nyat meg is m\u00e1szhatunk. Hogy pontosan milyen felt\u00e9telek sz\u00fcks\u00e9gesek ehhez, \u00e9s hogyan v\u00e1lhat valakib\u0151l hobbi sziklam\u00e1sz\u00f3, arr\u00f3l Valasty\u00e1n \u00c1ront k\u00e9rdezt\u00fck.<\/strong><\/p>\t\t\t\t\t\t\t\t<\/div>\n\t\t\t\t<\/div>\n\t\t\t\t<div class=\"elementor-element elementor-element-c22fa0f elementor-widget-divider--view-line elementor-widget elementor-widget-divider\" data-id=\"c22fa0f\" data-element_type=\"widget\" data-e-type=\"widget\" data-widget_type=\"divider.default\">\n\t\t\t\t<div class=\"elementor-widget-container\">\n\t\t\t\t\t\t\t<div class=\"elementor-divider\">\n\t\t\t<span class=\"elementor-divider-separator\">\n\t\t\t\t\t\t<\/span>\n\t\t<\/div>\n\t\t\t\t\t\t<\/div>\n\t\t\t\t<\/div>\n\t\t\t\t\t<\/div>\n\t\t\t\t<\/div>\n\t\t<div class=\"elementor-element elementor-element-ab5789d e-flex e-con-boxed e-con e-parent\" data-id=\"ab5789d\" data-element_type=\"container\" data-e-type=\"container\">\n\t\t\t\t\t<div class=\"e-con-inner\">\n\t\t\t\t<div class=\"elementor-element elementor-element-8f2fa56 elementor-widget elementor-widget-text-editor\" data-id=\"8f2fa56\" data-element_type=\"widget\" data-e-type=\"widget\" data-widget_type=\"text-editor.default\">\n\t\t\t\t<div class=\"elementor-widget-container\">\n\t\t\t\t\t\t\t\t\t<p>Az \u00c9lm\u00e9ny Sziklam\u00e1sz\u00e1s \u00f6tlete onnan ered, hogy \u00c1ron kor\u00e1bban a tapasztalatlan bar\u00e1tait vitte ki egy-egy d\u00e9lut\u00e1nra, \u00e9s ekkor fogalmaz\u00f3dott meg benne, hogy ugyanezt sz\u00e9lesebb k\u00f6z\u00f6ns\u00e9g sz\u00e1m\u00e1ra is megszervezhetn\u00e9. \u0150 maga egyetemistak\u00e9nt, bar\u00e1tokon kereszt\u00fcl tal\u00e1lkozott el\u0151sz\u00f6r a sport\u00e1ggal, 2009-ben a Veszpr\u00e9mi Egyetemi Falm\u00e1sz\u00f3 Klubban (VEFK), majd annyira beleszeretett, hogy rendszeresen j\u00e1rt terembe, \u00e9s 2014-ben a sportedz\u0151i k\u00e9pes\u00edt\u00e9st is megszerezte. Mint mondja, ezeken a rendezv\u00e9nyeken nem az a c\u00e9l, hogy min\u00e9l ink\u00e1bb lef\u00e1rassza a jelentkez\u0151ket, hanem hogy azok pozit\u00edv \u00e9lm\u00e9nnyel t\u00e1vozhassanak. Egy extr\u00e9m sportot mutat be nekik bar\u00e1ts\u00e1gos szeml\u00e9lettel \u2013 itt azonban fontos megjegyezni, hogy \u00e9ppen a sport\u00e1g extr\u00e9m jellege miatt tapasztalt m\u00e1sz\u00f3 fel\u00fcgyelete n\u00e9lk\u00fcl nem aj\u00e1nlott pr\u00f3b\u00e1lkozni.\u00a0<\/p>\t\t\t\t\t\t\t\t<\/div>\n\t\t\t\t<\/div>\n\t\t\t\t\t<\/div>\n\t\t\t\t<\/div>\n\t\t<div class=\"elementor-element elementor-element-1a6725c e-flex e-con-boxed e-con e-parent\" data-id=\"1a6725c\" data-element_type=\"container\" data-e-type=\"container\">\n\t\t\t\t\t<div class=\"e-con-inner\">\n\t\t\t\t<div class=\"elementor-element elementor-element-4d36888 elementor-widget elementor-widget-image\" data-id=\"4d36888\" data-element_type=\"widget\" data-e-type=\"widget\" data-widget_type=\"image.default\">\n\t\t\t\t<div class=\"elementor-widget-container\">\n\t\t\t\t\t\t\t\t\t\t\t\t\t\t\t<img decoding=\"async\" width=\"900\" height=\"599\" src=\"https:\/\/vehirlife.hu\/wp-content\/uploads\/2023\/11\/valastyanaron_vamosip-10.jpg\" class=\"attachment-full size-full wp-image-773\" alt=\"\" srcset=\"https:\/\/vehirlife.hu\/wp-content\/uploads\/2023\/11\/valastyanaron_vamosip-10.jpg 900w, https:\/\/vehirlife.hu\/wp-content\/uploads\/2023\/11\/valastyanaron_vamosip-10-300x200.jpg 300w, https:\/\/vehirlife.hu\/wp-content\/uploads\/2023\/11\/valastyanaron_vamosip-10-768x511.jpg 768w\" sizes=\"(max-width: 900px) 100vw, 900px\" \/>\t\t\t\t\t\t\t\t\t\t\t\t\t\t\t<\/div>\n\t\t\t\t<\/div>\n\t\t\t\t\t<\/div>\n\t\t\t\t<\/div>\n\t\t<div class=\"elementor-element elementor-element-3312fde e-flex e-con-boxed e-con e-parent\" data-id=\"3312fde\" data-element_type=\"container\" data-e-type=\"container\">\n\t\t\t\t\t<div class=\"e-con-inner\">\n\t\t\t\t<div class=\"elementor-element elementor-element-83bccd8 elementor-widget elementor-widget-text-editor\" data-id=\"83bccd8\" data-element_type=\"widget\" data-e-type=\"widget\" data-widget_type=\"text-editor.default\">\n\t\t\t\t<div class=\"elementor-widget-container\">\n\t\t\t\t\t\t\t\t\t<p>Merre indulhat el az, aki egy ilyen \u00e9lm\u00e9nym\u00e1sz\u00e1s ut\u00e1n beleszeret a sport\u00e1gba? \u00c1ron mag\u00e1t aj\u00e1nlja: szem\u00e9lyi edz\u0151k\u00e9nt tart k\u00e9t\u00f3r\u00e1s foglalkoz\u00e1sokat, amelyek sor\u00e1n a jelentkez\u0151 a Veszpr\u00e9mben kialak\u00edtott \u00fatvonalakon megtanulhat sport utakon m\u00e1szni, \u00e9s egy klubon kereszt\u00fcl csatlakozni tud a Magyar Hegy- \u00e9s Sportm\u00e1sz\u00f3 Sz\u00f6vets\u00e9ghez (MHSSZ). Aki viszont rendszeres edz\u00e9sekre v\u00e1gyik, felkeresheti a boulder m\u00e1sz\u00f3termet az Acticityben.\u00a0<\/p><p>A m\u00e1sz\u00e1snak t\u00f6bb v\u00e1llfaja is l\u00e9tezik: a boulder, vagyis a k\u00f6t\u00e9l n\u00e9lk\u00fcli, alacsonyabb, 4 m\u00e9ter magass\u00e1g\u00fa falon, alul szivaccsal biztos\u00edtott m\u00e1sz\u00e1s sor\u00e1n els\u0151sorban az er\u0151t fejleszteni. A neh\u00e9zs\u00e9gi m\u00e1sz\u00e1st k\u00f6t\u00e9llel biztos\u00edtj\u00e1k, \u00e9s nagyj\u00e1b\u00f3l 15 m\u00e9teres magass\u00e1gig szerveznek versenyeket ebben a szak\u00e1gban, ami legink\u00e1bb az er\u0151 \u00e1ll\u00f3k\u00e9pess\u00e9get fejleszti. Az ut\u00f3bbi id\u0151kben egyre n\u00e9pszer\u0171bb a gyorsm\u00e1sz\u00e1s is, ahol a versenyz\u0151k szinte felszaladnak a szabv\u00e1nyos 15 m\u00e9teres falra , itt a min\u00e9l nagyobb sebess\u00e9g az els\u0151dleges c\u00e9l, amit sokszori ism\u00e9tl\u00e9ssel lehet fejleszteni.<\/p>\t\t\t\t\t\t\t\t<\/div>\n\t\t\t\t<\/div>\n\t\t\t\t\t<\/div>\n\t\t\t\t<\/div>\n\t\t<div class=\"elementor-element elementor-element-fef9b3a e-flex e-con-boxed e-con e-parent\" data-id=\"fef9b3a\" data-element_type=\"container\" data-e-type=\"container\" data-settings=\"{&quot;background_background&quot;:&quot;classic&quot;}\">\n\t\t\t\t\t<div class=\"e-con-inner\">\n\t\t\t\t<div class=\"elementor-element elementor-element-cfa0ae0 elementor-widget elementor-widget-image\" data-id=\"cfa0ae0\" data-element_type=\"widget\" data-e-type=\"widget\" data-widget_type=\"image.default\">\n\t\t\t\t<div class=\"elementor-widget-container\">\n\t\t\t\t\t\t\t\t\t\t\t\t\t\t\t<img decoding=\"async\" width=\"900\" height=\"599\" src=\"https:\/\/vehirlife.hu\/wp-content\/uploads\/2023\/11\/valastyanaron_vamosip-3.jpg\" class=\"attachment-full size-full wp-image-784\" alt=\"\" srcset=\"https:\/\/vehirlife.hu\/wp-content\/uploads\/2023\/11\/valastyanaron_vamosip-3.jpg 900w, https:\/\/vehirlife.hu\/wp-content\/uploads\/2023\/11\/valastyanaron_vamosip-3-300x200.jpg 300w, https:\/\/vehirlife.hu\/wp-content\/uploads\/2023\/11\/valastyanaron_vamosip-3-768x511.jpg 768w\" sizes=\"(max-width: 900px) 100vw, 900px\" \/>\t\t\t\t\t\t\t\t\t\t\t\t\t\t\t<\/div>\n\t\t\t\t<\/div>\n\t\t\t\t\t<\/div>\n\t\t\t\t<\/div>\n\t\t<div class=\"elementor-element elementor-element-6b0fd2e e-flex e-con-boxed e-con e-parent\" data-id=\"6b0fd2e\" data-element_type=\"container\" data-e-type=\"container\">\n\t\t\t\t\t<div class=\"e-con-inner\">\n\t\t\t\t<div class=\"elementor-element elementor-element-42792d6 elementor-drop-cap-yes elementor-drop-cap-view-default elementor-widget elementor-widget-text-editor\" data-id=\"42792d6\" data-element_type=\"widget\" data-e-type=\"widget\" data-settings=\"{&quot;drop_cap&quot;:&quot;yes&quot;}\" data-widget_type=\"text-editor.default\">\n\t\t\t\t<div class=\"elementor-widget-container\">\n\t\t\t\t\t\t\t\t\t<p>Akik nem versenyszer\u0171en \u0171zn\u00e9k a sziklam\u00e1sz\u00e1st, \u00e9s a termek helyett ink\u00e1bb a term\u00e9szetbe v\u00e1gynak, azoknak \u00e9rdemes bel\u00e9pni egy egyes\u00fcletbe vagy klubba. Itt nemcsak inform\u00e1ci\u00f3kat kapnak arr\u00f3l, hol vannak a m\u00e1szhat\u00f3 szikl\u00e1k, hanem akt\u00edv k\u00f6z\u00f6ss\u00e9geket is tal\u00e1lnak, bar\u00e1ts\u00e1gokat k\u00f6thetnek, k\u00f6z\u00f6s m\u00e1sz\u00e1sokat szervezhetnek. De els\u0151k\u00e9nt meg kell tanulni a sziklams\u00e1z\u00e1s alapjait.\u00a0<\/p><p>Fontos tudni, hogy a term\u00e9szetben tal\u00e1lhat\u00f3 sziklafalak m\u00e1sz\u00e1s\u00e1ra MHSSZ enged\u00e9lyre sz\u00fcks\u00e9g, amit a m\u00e1sz\u00f3 egyes\u00fcleteken kereszt\u00fcl lehet megszerezni. \u2013 a Betekints-v\u00f6lgy ebben a tekintetben szerencs\u00e9s kiv\u00e9tel, amihez hasonl\u00f3t nem nagyon tal\u00e1lni. Az egyes helysz\u00ednekr\u0151l kiadv\u00e1nyok, m\u00e1sz\u00f3kalauzok is megjelennek, ezekben pontosan t\u00e1j\u00e9koz\u00f3dhatunk a ki\u00e9p\u00edtett \u00fatvonalakr\u00f3l, azok neh\u00e9zs\u00e9g\u00e9r\u0151l is. Sokan \u201cgy\u0171jtik\u201d a legnehezebb falakat, list\u00e1t vezetnek azokr\u00f3l, amelyeket m\u00e1r teljes\u00edtettek. A Magyarorsz\u00e1gon tal\u00e1lhat\u00f3, egy k\u00f6t\u00e9lhossznyi utakat k\u00f6vet\u0151en pedig az jelenthet tov\u00e1bbi kih\u00edv\u00e1st, ha ell\u00e1togatunk k\u00fclf\u00f6ldre: Ausztri\u00e1ban \u00e9s Horv\u00e1torsz\u00e1gban m\u00e1r ak\u00e1r 4-5 k\u00f6t\u00e9lhossznyi utakat is tal\u00e1lhatunk, amik eg\u00e9szen \u00faj \u00e9lm\u00e9nyt jelentenek.\u00a0<\/p>\t\t\t\t\t\t\t\t<\/div>\n\t\t\t\t<\/div>\n\t\t\t\t\t<\/div>\n\t\t\t\t<\/div>\n\t\t<div class=\"elementor-element elementor-element-8342f19 e-flex e-con-boxed e-con e-parent\" data-id=\"8342f19\" data-element_type=\"container\" data-e-type=\"container\">\n\t\t\t\t\t<div class=\"e-con-inner\">\n\t\t\t\t<div class=\"elementor-element elementor-element-32ea5bb elementor-widget elementor-widget-text-editor\" data-id=\"32ea5bb\" data-element_type=\"widget\" data-e-type=\"widget\" data-widget_type=\"text-editor.default\">\n\t\t\t\t<div class=\"elementor-widget-container\">\n\t\t\t\t\t\t\t\t\t<p>S ha m\u00e1r az \u00e9lm\u00e9nyekr\u0151l besz\u00e9l\u00fcnk: ugyan a szabadt\u00e9ri m\u00e1sz\u00f3s szezon hamarosan v\u00e9get \u00e9r, aki az els\u0151 tapasztalatait szeretn\u00e9 megszerezni, tavaszt\u00f3l \u00fajra megteheti az \u00c1ron \u00e1ltal szervezett \u00e9lm\u00e9nym\u00e1sz\u00f3s rendezv\u00e9nyeken.\u00a0<\/p><p><em>Szerz\u0151: Sch\u00f6ngrundtner Tam\u00e1s, Fot\u00f3k: V\u00e1mosi Patrik<\/em><\/p>\t\t\t\t\t\t\t\t<\/div>\n\t\t\t\t<\/div>\n\t\t\t\t<div class=\"elementor-element elementor-element-7c924be upk-ss-btns-style-minimal upk-ss-btns-view-icon-text upk-layout-style--inline upk-ss-position--default upk-ss-btns-color-original elementor-widget elementor-widget-upk-social-share\" data-id=\"7c924be\" data-element_type=\"widget\" data-e-type=\"widget\" data-widget_type=\"upk-social-share.default\">\n\t\t\t\t<div class=\"elementor-widget-container\">\n\t\t\t\t\t\t\t<div class=\"upk-social-share upk-ep-grid\">\n\t\t\t\t\t\t\t<div class=\"upk-social-share-item upk-ep-grid-item\">\n\t\t\t\t\t<div class=\"upk-ss-btn upk-ss-facebook\" data-social=\"facebook\">\n\t\t\t\t\t\t\t\t\t\t\t\t\t<span class=\"upk-ss-icon\">\n\t\t\t\t\t\t\t\t<i class=\"upk-icon-facebook\"><\/i>\n\t\t\t\t\t\t\t<\/span>\n\t\t\t\t\t\t\t\t\t\t\t\t\t\t\t\t\t\t\t<div class=\"upk-social-share-text upk-inline\">\n\t\t\t\t\t\t\t\t\t\t\t\t\t\t\t\t\t<span class=\"upk-social-share-title\">\n\t\t\t\t\t\t\t\t\t\tFacebook\t\t\t\t\t\t\t\t\t<\/span>\n\t\t\t\t\t\t\t\t\t\t\t\t\t\t\t\t\t\t\t\t\t\t\t<\/div>\n\t\t\t\t\t\t\t\t\t\t\t<\/div>\n\t\t\t\t<\/div>\n\t\t\t\t\t\t\t\t<div class=\"upk-social-share-item upk-ep-grid-item\">\n\t\t\t\t\t<div class=\"upk-ss-btn upk-ss-linkedin\" data-social=\"linkedin\">\n\t\t\t\t\t\t\t\t\t\t\t\t\t<span class=\"upk-ss-icon\">\n\t\t\t\t\t\t\t\t<i class=\"upk-icon-linkedin\"><\/i>\n\t\t\t\t\t\t\t<\/span>\n\t\t\t\t\t\t\t\t\t\t\t\t\t\t\t\t\t\t\t<div class=\"upk-social-share-text upk-inline\">\n\t\t\t\t\t\t\t\t\t\t\t\t\t\t\t\t\t<span class=\"upk-social-share-title\">\n\t\t\t\t\t\t\t\t\t\tLinkedin\t\t\t\t\t\t\t\t\t<\/span>\n\t\t\t\t\t\t\t\t\t\t\t\t\t\t\t\t\t\t\t\t\t\t\t<\/div>\n\t\t\t\t\t\t\t\t\t\t\t<\/div>\n\t\t\t\t<\/div>\n\t\t\t\t\t\t\t\t<div class=\"upk-social-share-item upk-ep-grid-item\">\n\t\t\t\t\t<div class=\"upk-ss-btn upk-ss-twitter\" data-social=\"twitter\">\n\t\t\t\t\t\t\t\t\t\t\t\t\t<span class=\"upk-ss-icon\">\n\t\t\t\t\t\t\t\t<i class=\"upk-icon-twitter\"><\/i>\n\t\t\t\t\t\t\t<\/span>\n\t\t\t\t\t\t\t\t\t\t\t\t\t\t\t\t\t\t\t<div class=\"upk-social-share-text upk-inline\">\n\t\t\t\t\t\t\t\t\t\t\t\t\t\t\t\t\t<span class=\"upk-social-share-title\">\n\t\t\t\t\t\t\t\t\t\tTwitter\t\t\t\t\t\t\t\t\t<\/span>\n\t\t\t\t\t\t\t\t\t\t\t\t\t\t\t\t\t\t\t\t\t\t\t<\/div>\n\t\t\t\t\t\t\t\t\t\t\t<\/div>\n\t\t\t\t<\/div>\n\t\t\t\t\t\t\t\t<div class=\"upk-social-share-item upk-ep-grid-item\">\n\t\t\t\t\t<div class=\"upk-ss-btn upk-ss-pinterest\" data-social=\"pinterest\">\n\t\t\t\t\t\t\t\t\t\t\t\t\t<span class=\"upk-ss-icon\">\n\t\t\t\t\t\t\t\t<i class=\"upk-icon-pinterest\"><\/i>\n\t\t\t\t\t\t\t<\/span>\n\t\t\t\t\t\t\t\t\t\t\t\t\t\t\t\t\t\t\t<div class=\"upk-social-share-text upk-inline\">\n\t\t\t\t\t\t\t\t\t\t\t\t\t\t\t\t\t<span class=\"upk-social-share-title\">\n\t\t\t\t\t\t\t\t\t\tPinterest\t\t\t\t\t\t\t\t\t<\/span>\n\t\t\t\t\t\t\t\t\t\t\t\t\t\t\t\t\t\t\t\t\t\t\t<\/div>\n\t\t\t\t\t\t\t\t\t\t\t<\/div>\n\t\t\t\t<\/div>\n\t\t\t\t\t\t<\/div>\n\n\t\t\n\t\t\t\t\t\t<\/div>\n\t\t\t\t<\/div>\n\t\t\t\t\t<\/div>\n\t\t\t\t<\/div>\n\t\t\t\t<\/div>\n\t\t","protected":false},"excerpt":{"rendered":"<p>A Bakonyban nem kell sokat utaznunk, hogy sziklafalat tal\u00e1ljunk, ezek k\u00f6z\u00fcl j\u00f3 n\u00e9h\u00e1nyat meg is m\u00e1szhatunk. Hogy pontosan milyen felt\u00e9telek sz\u00fcks\u00e9gesek ehhez, \u00e9s hogyan v\u00e1lhat valakib\u0151l hobbi sziklam\u00e1sz\u00f3, arr\u00f3l Valasty\u00e1n \u00c1ront k\u00e9rdezt\u00fck.<\/p>\n","protected":false},"author":1,"featured_media":384,"comment_status":"closed","ping_status":"closed","sticky":false,"template":"elementor_header_footer","format":"standard","meta":{"footnotes":""},"categories":[74,10],"tags":[73,6],"class_list":["post-13","post","type-post","status-publish","format-standard","has-post-thumbnail","hentry","category-2023-osz","category-outdoor","tag-2023-osz","tag-klubstyle"],"wpmagazine_modules_lite_featured_media_urls":{"thumbnail":["https:\/\/vehirlife.hu\/wp-content\/uploads\/2023\/11\/valastyanaron_vamosip-9_1-150x150.jpg",150,150,true],"cvmm-medium":["https:\/\/vehirlife.hu\/wp-content\/uploads\/2023\/11\/valastyanaron_vamosip-9_1-300x300.jpg",300,300,true],"cvmm-medium-plus":["https:\/\/vehirlife.hu\/wp-content\/uploads\/2023\/11\/valastyanaron_vamosip-9_1-305x207.jpg",305,207,true],"cvmm-portrait":["https:\/\/vehirlife.hu\/wp-content\/uploads\/2023\/11\/valastyanaron_vamosip-9_1-400x599.jpg",400,599,true],"cvmm-medium-square":["https:\/\/vehirlife.hu\/wp-content\/uploads\/2023\/11\/valastyanaron_vamosip-9_1-600x599.jpg",600,599,true],"cvmm-large":["https:\/\/vehirlife.hu\/wp-content\/uploads\/2023\/11\/valastyanaron_vamosip-9_1.jpg",900,599,false],"cvmm-small":["https:\/\/vehirlife.hu\/wp-content\/uploads\/2023\/11\/valastyanaron_vamosip-9_1-130x95.jpg",130,95,true],"full":["https:\/\/vehirlife.hu\/wp-content\/uploads\/2023\/11\/valastyanaron_vamosip-9_1.jpg",900,599,false]},"categories_names":{"74":{"name":"2023 \u0151sz","link":"https:\/\/vehirlife.hu\/index.php\/category\/2023-osz\/"},"10":{"name":"Outdoor","link":"https:\/\/vehirlife.hu\/index.php\/category\/outdoor\/"}},"tags_names":{"73":{"name":"2023 \u0151sz","link":"https:\/\/vehirlife.hu\/index.php\/tag\/2023-osz\/"},"6":{"name":"Klubstyle","link":"https:\/\/vehirlife.hu\/index.php\/tag\/klubstyle\/"}},"comments_number":"0","rttpg_featured_image_url":{"full":["https:\/\/vehirlife.hu\/wp-content\/uploads\/2023\/11\/valastyanaron_vamosip-9_1.jpg",900,599,false],"landscape":["https:\/\/vehirlife.hu\/wp-content\/uploads\/2023\/11\/valastyanaron_vamosip-9_1.jpg",900,599,false],"portraits":["https:\/\/vehirlife.hu\/wp-content\/uploads\/2023\/11\/valastyanaron_vamosip-9_1.jpg",900,599,false],"thumbnail":["https:\/\/vehirlife.hu\/wp-content\/uploads\/2023\/11\/valastyanaron_vamosip-9_1-150x150.jpg",150,150,true],"medium":["https:\/\/vehirlife.hu\/wp-content\/uploads\/2023\/11\/valastyanaron_vamosip-9_1-300x200.jpg",300,200,true],"large":["https:\/\/vehirlife.hu\/wp-content\/uploads\/2023\/11\/valastyanaron_vamosip-9_1.jpg",900,599,false],"1536x1536":["https:\/\/vehirlife.hu\/wp-content\/uploads\/2023\/11\/valastyanaron_vamosip-9_1.jpg",900,599,false],"2048x2048":["https:\/\/vehirlife.hu\/wp-content\/uploads\/2023\/11\/valastyanaron_vamosip-9_1.jpg",900,599,false],"cvmm-medium":["https:\/\/vehirlife.hu\/wp-content\/uploads\/2023\/11\/valastyanaron_vamosip-9_1-300x300.jpg",300,300,true],"cvmm-medium-plus":["https:\/\/vehirlife.hu\/wp-content\/uploads\/2023\/11\/valastyanaron_vamosip-9_1-305x207.jpg",305,207,true],"cvmm-portrait":["https:\/\/vehirlife.hu\/wp-content\/uploads\/2023\/11\/valastyanaron_vamosip-9_1-400x599.jpg",400,599,true],"cvmm-medium-square":["https:\/\/vehirlife.hu\/wp-content\/uploads\/2023\/11\/valastyanaron_vamosip-9_1-600x599.jpg",600,599,true],"cvmm-large":["https:\/\/vehirlife.hu\/wp-content\/uploads\/2023\/11\/valastyanaron_vamosip-9_1.jpg",900,599,false],"cvmm-small":["https:\/\/vehirlife.hu\/wp-content\/uploads\/2023\/11\/valastyanaron_vamosip-9_1-130x95.jpg",130,95,true]},"rttpg_author":{"display_name":false,"author_link":"https:\/\/vehirlife.hu\/index.php\/author\/admin_2uh85u12\/"},"rttpg_comment":0,"rttpg_category":"<a href=\"https:\/\/vehirlife.hu\/index.php\/category\/2023-osz\/\" rel=\"category tag\">2023 \u0151sz<\/a> <a href=\"https:\/\/vehirlife.hu\/index.php\/category\/outdoor\/\" rel=\"category tag\">Outdoor<\/a>","rttpg_excerpt":"A Bakonyban nem kell sokat utaznunk, hogy sziklafalat tal\u00e1ljunk, ezek k\u00f6z\u00fcl j\u00f3 n\u00e9h\u00e1nyat meg is m\u00e1szhatunk. Hogy pontosan milyen felt\u00e9telek sz\u00fcks\u00e9gesek ehhez, \u00e9s hogyan v\u00e1lhat valakib\u0151l hobbi sziklam\u00e1sz\u00f3, arr\u00f3l Valasty\u00e1n \u00c1ront k\u00e9rdezt\u00fck.","_links":{"self":[{"href":"https:\/\/vehirlife.hu\/index.php\/wp-json\/wp\/v2\/posts\/13","targetHints":{"allow":["GET"]}}],"collection":[{"href":"https:\/\/vehirlife.hu\/index.php\/wp-json\/wp\/v2\/posts"}],"about":[{"href":"https:\/\/vehirlife.hu\/index.php\/wp-json\/wp\/v2\/types\/post"}],"author":[{"embeddable":true,"href":"https:\/\/vehirlife.hu\/index.php\/wp-json\/wp\/v2\/users\/1"}],"replies":[{"embeddable":true,"href":"https:\/\/vehirlife.hu\/index.php\/wp-json\/wp\/v2\/comments?post=13"}],"version-history":[{"count":121,"href":"https:\/\/vehirlife.hu\/index.php\/wp-json\/wp\/v2\/posts\/13\/revisions"}],"predecessor-version":[{"id":1556,"href":"https:\/\/vehirlife.hu\/index.php\/wp-json\/wp\/v2\/posts\/13\/revisions\/1556"}],"wp:featuredmedia":[{"embeddable":true,"href":"https:\/\/vehirlife.hu\/index.php\/wp-json\/wp\/v2\/media\/384"}],"wp:attachment":[{"href":"https:\/\/vehirlife.hu\/index.php\/wp-json\/wp\/v2\/media?parent=13"}],"wp:term":[{"taxonomy":"category","embeddable":true,"href":"https:\/\/vehirlife.hu\/index.php\/wp-json\/wp\/v2\/categories?post=13"},{"taxonomy":"post_tag","embeddable":true,"href":"https:\/\/vehirlife.hu\/index.php\/wp-json\/wp\/v2\/tags?post=13"}],"curies":[{"name":"wp","href":"https:\/\/api.w.org\/{rel}","templated":true}]}}