{"id":1215,"date":"2023-11-09T16:04:15","date_gmt":"2023-11-09T16:04:15","guid":{"rendered":"https:\/\/vehirlife.hu\/?p=1215"},"modified":"2023-11-13T11:17:10","modified_gmt":"2023-11-13T11:17:10","slug":"vilagga-mentem-majd-jovok","status":"publish","type":"post","link":"https:\/\/vehirlife.hu\/index.php\/2023\/11\/09\/vilagga-mentem-majd-jovok\/","title":{"rendered":"Vil\u00e1gg\u00e1 mentem, majd j\u00f6v\u00f6k!"},"content":{"rendered":"\t\t<div data-elementor-type=\"wp-post\" data-elementor-id=\"1215\" class=\"elementor elementor-1215\">\n\t\t\t\t<div class=\"elementor-element elementor-element-2aa64a9 e-flex e-con-boxed e-con e-parent\" data-id=\"2aa64a9\" data-element_type=\"container\" data-e-type=\"container\">\n\t\t\t\t\t<div class=\"e-con-inner\">\n\t\t\t\t<div class=\"elementor-element elementor-element-9af4cd8 elementor-widget__width-inherit elementor-widget elementor-widget-image\" data-id=\"9af4cd8\" data-element_type=\"widget\" data-e-type=\"widget\" data-widget_type=\"image.default\">\n\t\t\t\t<div class=\"elementor-widget-container\">\n\t\t\t\t\t\t\t\t\t\t\t\t\t\t\t<img fetchpriority=\"high\" decoding=\"async\" width=\"900\" height=\"674\" src=\"https:\/\/vehirlife.hu\/wp-content\/uploads\/2023\/11\/p1140865_2.jpeg\" class=\"attachment-full size-full wp-image-349\" alt=\"\" srcset=\"https:\/\/vehirlife.hu\/wp-content\/uploads\/2023\/11\/p1140865_2.jpeg 900w, https:\/\/vehirlife.hu\/wp-content\/uploads\/2023\/11\/p1140865_2-300x225.jpeg 300w, https:\/\/vehirlife.hu\/wp-content\/uploads\/2023\/11\/p1140865_2-768x575.jpeg 768w\" sizes=\"(max-width: 900px) 100vw, 900px\" \/>\t\t\t\t\t\t\t\t\t\t\t\t\t\t\t<\/div>\n\t\t\t\t<\/div>\n\t\t\t\t\t<\/div>\n\t\t\t\t<\/div>\n\t\t<div class=\"elementor-element elementor-element-b6d41bb e-flex e-con-boxed e-con e-parent\" data-id=\"b6d41bb\" data-element_type=\"container\" data-e-type=\"container\">\n\t\t\t\t\t<div class=\"e-con-inner\">\n\t\t\t\t<div class=\"elementor-element elementor-element-2f72d8e elementor-widget elementor-widget-heading\" data-id=\"2f72d8e\" data-element_type=\"widget\" data-e-type=\"widget\" data-widget_type=\"heading.default\">\n\t\t\t\t<div class=\"elementor-widget-container\">\n\t\t\t\t\t<h1 class=\"elementor-heading-title elementor-size-default\">Vil\u00e1gg\u00e1 mentem, majd j\u00f6v\u00f6k!<\/h1>\t\t\t\t<\/div>\n\t\t\t\t<\/div>\n\t\t\t\t<div class=\"elementor-element elementor-element-e45bc39 elementor-widget elementor-widget-text-editor\" data-id=\"e45bc39\" data-element_type=\"widget\" data-e-type=\"widget\" data-widget_type=\"text-editor.default\">\n\t\t\t\t<div class=\"elementor-widget-container\">\n\t\t\t\t\t\t\t\t\t<p><strong>Mi lenne, ha egy nap a fenti mondat nemcsak amolyan szarkasztikus kijelent\u00e9sk\u00e9nt hangzana el a munkaid\u0151 v\u00e9g\u00e9n, hanem teljesen komolyan is gondoln\u00e1nk, \u00e9s m\u00e1snap m\u00e1r a rept\u00e9ren csekkoln\u00e1nk be a Nep\u00e1lba tart\u00f3 j\u00e1ratunkra, ahonnan csak f\u00e9l \u00e9v m\u00falva t\u00e9rn\u00e9nk vissza a munkahelyre? \u00c1lom? Nem felt\u00e9tlen\u00fcl. <\/strong><\/p><p><strong>A sabbatical int\u00e9zm\u00e9nye Nyugaton m\u00e1r bevett, de itthon is akad n\u00e9h\u00e1ny olyan szerencs\u00e9s, aki hosszabb id\u0151re f\u0151n\u00f6ki j\u00f3v\u00e1hagy\u00e1ssal kicsekkol a munkahely\u00e9r\u0151l, hogy a szabads\u00e1g\u00e1t pihen\u00e9ssel \u00e9s r\u00e9g\u00f3ta d\u00e9delgetett \u00e1lmok megval\u00f3s\u00edt\u00e1s\u00e1val t\u00f6ltse.<\/strong><\/p>\t\t\t\t\t\t\t\t<\/div>\n\t\t\t\t<\/div>\n\t\t\t\t<div class=\"elementor-element elementor-element-c22fa0f elementor-widget-divider--view-line elementor-widget elementor-widget-divider\" data-id=\"c22fa0f\" data-element_type=\"widget\" data-e-type=\"widget\" data-widget_type=\"divider.default\">\n\t\t\t\t<div class=\"elementor-widget-container\">\n\t\t\t\t\t\t\t<div class=\"elementor-divider\">\n\t\t\t<span class=\"elementor-divider-separator\">\n\t\t\t\t\t\t<\/span>\n\t\t<\/div>\n\t\t\t\t\t\t<\/div>\n\t\t\t\t<\/div>\n\t\t\t\t\t<\/div>\n\t\t\t\t<\/div>\n\t\t<div class=\"elementor-element elementor-element-ca00466 e-flex e-con-boxed e-con e-parent\" data-id=\"ca00466\" data-element_type=\"container\" data-e-type=\"container\">\n\t\t\t\t\t<div class=\"e-con-inner\">\n\t\t\t\t<div class=\"elementor-element elementor-element-16db34f elementor-widget elementor-widget-text-editor\" data-id=\"16db34f\" data-element_type=\"widget\" data-e-type=\"widget\" data-widget_type=\"text-editor.default\">\n\t\t\t\t<div class=\"elementor-widget-container\">\n\t\t\t\t\t\t\t\t\t<p>Tavaly ny\u00e1ron harmincegy napos szabads\u00e1gra mentem. Ekkorra \u00e9rett meg bennem a gondolat, hogy ideje lenne val\u00f3ra v\u00e1ltanom azt a kamaszkori \u00e1lmomat, hogy kis t\u00falz\u00e1ssal fogom magam \u00e9s elindulok a horizontnak. Telepakoltam egy 50 literes h\u00e1tizs\u00e1kot, fel\u00fcltem a Koblenzbe tart\u00f3 vonatra, hogy n\u00e9h\u00e1ny napot a k\u00fclf\u00f6ld\u00f6n \u00e9l\u0151 n\u0151v\u00e9rem\u00e9kn\u00e9l t\u00f6ltsek, azt\u00e1n tov\u00e1bbvonatoztam P\u00e1rizsba, ism\u00e9t p\u00e1r nap m\u00falva pedig m\u00e1r egy Londonba tart\u00f3 buszon \u00fcltem, hogy k\u00f6zel h\u00e1rom hetet t\u00f6ltsek Angli\u00e1ban \u00e9s a naps\u00fct\u00e9ses Cornwallban. M\u00edg az \u00fat elej\u00e9n egy h\u00e9tre el\u0151re tudtam, hol fogok kik\u00f6tni, a 15. napon m\u00e1r teljesen spont\u00e1n v\u00e1lasztottam meg az ir\u00e1nyt. Volt, hogy reggel \u00fagy indultam el kir\u00e1ndulni, hogy csak annyit tudtam, m\u00e1snap ki kell k\u00f6lt\u00f6zn\u00f6m a sz\u00e1ll\u00e1sr\u00f3l, de hogy hol fogom ezut\u00e1n \u00e1lomra hajtani a fejem, k\u00e9rd\u00e9ses volt.\u00a0<\/p><p>Az \u00e9let valahogy m\u00e9gis elrendezte a dolgokat, \u00e9s n\u00e9ha olyan gy\u00f6ny\u00f6r\u0171 helyekre \u00e9s \u00e9lm\u00e9nyekhez vitt, amikre nem is sz\u00e1m\u00edtottam. T\u00e1ncoltam a szikl\u00e1k felett a naplement\u00e9ben, mik\u00f6zben alattam sz\u00f6rf\u00f6s\u00f6k szelt\u00e9k az \u00f3ce\u00e1n hull\u00e1mait egy olyan faluban, amir\u0151l sosem hallottam, de teljesen beleszerettem, foglaltam az \u00e9jszaka k\u00f6zep\u00e9n telekocsit a k\u00f6vetkez\u0151 napra Gentbe, ahol belecs\u00f6ppentem a helyi fesztiv\u00e1lba, a Z\u00fcrichi-t\u00f3 partj\u00e1n l\u00e1bat l\u00f3gatva pedig arra is r\u00e1j\u00f6ttem az utols\u00f3 est\u00e9men, hogy a hiba nem felt\u00e9tlen\u00fcl hiba, csak kiforratlan esem\u00e9ny. Azt\u00e1n hazavonatoztam, \u00e9s k\u00e9t nap m\u00falva \u00fajra munk\u00e1ba \u00e1lltam.\u00a0<\/p><p>S b\u00e1r magamban nem \u00fagy tekintettem erre az \u00fatra, mint egy hossz\u00fa pihen\u0151re, amikor a ki\u00e9g\u00e9st elker\u00fclve h\u00e9t \u00e9v munkaviszony ut\u00e1n kicsit kil\u00e9pek a m\u00f3kusker\u00e9kb\u0151l \u00e9s felt\u00f6lt\u0151d\u00f6m,\u00a0 tulajdonk\u00e9ppen m\u00e9gis egy klasszikus sabbaticalt val\u00f3s\u00edtottam meg.<\/p>\t\t\t\t\t\t\t\t<\/div>\n\t\t\t\t<\/div>\n\t\t\t\t\t<\/div>\n\t\t\t\t<\/div>\n\t\t<div class=\"elementor-element elementor-element-f49bf64 e-flex e-con-boxed e-con e-parent\" data-id=\"f49bf64\" data-element_type=\"container\" data-e-type=\"container\">\n\t\t\t\t\t<div class=\"e-con-inner\">\n\t\t\t\t<div class=\"elementor-element elementor-element-ce025b0 elementor-widget elementor-widget-image\" data-id=\"ce025b0\" data-element_type=\"widget\" data-e-type=\"widget\" data-widget_type=\"image.default\">\n\t\t\t\t<div class=\"elementor-widget-container\">\n\t\t\t\t\t\t\t\t\t\t\t\t<figure class=\"wp-caption\">\n\t\t\t\t\t\t\t\t\t\t<img decoding=\"async\" width=\"900\" height=\"675\" src=\"https:\/\/vehirlife.hu\/wp-content\/uploads\/2023\/11\/rsz_20181015_094028_2.jpg\" class=\"attachment-full size-full wp-image-1223\" alt=\"\" srcset=\"https:\/\/vehirlife.hu\/wp-content\/uploads\/2023\/11\/rsz_20181015_094028_2.jpg 900w, https:\/\/vehirlife.hu\/wp-content\/uploads\/2023\/11\/rsz_20181015_094028_2-300x225.jpg 300w, https:\/\/vehirlife.hu\/wp-content\/uploads\/2023\/11\/rsz_20181015_094028_2-768x576.jpg 768w\" sizes=\"(max-width: 900px) 100vw, 900px\" \/>\t\t\t\t\t\t\t\t\t\t\t<figcaption class=\"widget-image-caption wp-caption-text\">V\u00e1radi Csilla \/fot\u00f3 via HRPort\u00e1l<\/figcaption>\n\t\t\t\t\t\t\t\t\t\t<\/figure>\n\t\t\t\t\t\t\t\t\t<\/div>\n\t\t\t\t<\/div>\n\t\t\t\t\t<\/div>\n\t\t\t\t<\/div>\n\t\t<div class=\"elementor-element elementor-element-9cec5bc e-flex e-con-boxed e-con e-parent\" data-id=\"9cec5bc\" data-element_type=\"container\" data-e-type=\"container\">\n\t\t\t\t\t<div class=\"e-con-inner\">\n\t\t\t\t<div class=\"elementor-element elementor-element-ed273f2 elementor-widget elementor-widget-text-editor\" data-id=\"ed273f2\" data-element_type=\"widget\" data-e-type=\"widget\" data-widget_type=\"text-editor.default\">\n\t\t\t\t<div class=\"elementor-widget-container\">\n\t\t\t\t\t\t\t\t\t<h3>\u00d6nmagadra tal\u00e1lni D\u00e9lkelet-\u00c1zsi\u00e1ban<\/h3><p>\u00cdgy tett Garam Tam\u00e1s, a SZIGET marketingvezet\u0151je is 2018-ban, aki tizen\u00f6t ledolgozott \u00e9v ut\u00e1n \u00e9rezte \u00fagy, fel kell t\u00f6ltenie lemer\u00fcl\u0151ben l\u00e9v\u0151 elemeit. Huszonh\u00e1rom \u00e9ves kora \u00f3ta dolgozott a rekl\u00e1miparban, \u00e1lland\u00f3 p\u00f6rg\u00e9sben \u00e9lte a mindennapokat, r\u00e1ad\u00e1sul bevallottan maximalista, egy hat \u00e9s f\u00e9l \u00e9ves k\u00fclf\u00f6ldi kik\u00fcldet\u00e9s ut\u00e1n pedig a honv\u00e1gy is megtal\u00e1lta. \u00c9ppen ez\u00e9rt \u00fagy tervezte, kilenc h\u00f3napos pihen\u0151je alatt \u00e9lvezi a magyarorsz\u00e1gi nyarat, \u0151sszel kir\u00e1ndul, a telet pedig D\u00e9lkelet-\u00c1zsi\u00e1ban t\u00f6lti. Sz\u00e1ztizenegy nap alatt egy h\u00e1tizs\u00e1kkal bej\u00e1rta Thaif\u00f6ldet, Laoszt, Kambodzs\u00e1t, Malajzi\u00e1t, Szingap\u00fart \u00e9s Indon\u00e9zi\u00e1t, amely alatt a szabads\u00e1g \u00e9s a kikapcsol\u00f3d\u00e1s eg\u00e9szen \u00faj szintj\u00e9t \u00e9lte meg.<\/p><p>V\u00e1radi Csilla, az eMAG HR igazgat\u00f3ja m\u00e9g az AVON munkat\u00e1rsa volt, amikor \u00fagy \u00e9rezte, l\u00e9g\u00fcres t\u00e9rbe jutott, megrekedt a karrierje \u00e9s musz\u00e1j teljesen m\u00e1s perspekt\u00edv\u00e1b\u00f3l r\u00e1n\u00e9znie az \u00e9let\u00e9re, hogy r\u00e1j\u00f6jj\u00f6n, mit is akar csin\u00e1lni a tov\u00e1bbiakban. F\u0151n\u00f6ke t\u00e1mogatta a sabbatical \u00f6tlet\u00e9t, a tervez\u00e9s k\u00f6zben pedig egy\u00e9rtelm\u0171v\u00e9 v\u00e1lt, hogy Nep\u00e1lba utazik. Gyerekkora \u00f3ta \u00e1lmodott arr\u00f3l, hogy egy kolostorban medit\u00e1l k\u00e9t h\u00e9tig, s b\u00e1r v\u00e9g\u00fcl a t\u00e1j gy\u00f6ny\u00f6r\u0171s\u00e9ge annyira leny\u0171g\u00f6zte, hogy ink\u00e1bb Katmandu fel\u00e9 vette az ir\u00e1nyt, az \u00f6nmag\u00e1ra tal\u00e1l\u00e1s \u00e9lm\u00e9nye \u00edgy is meghat\u00e1rozta n\u00e9gyh\u00f3napos \u00fatj\u00e1t. Oda ment, ahova a v\u00e1gyai vez\u00e9relt\u00e9k, az oda-vissza repjegyen k\u00edv\u00fcl mindent az adott pillanatban, spont\u00e1n tal\u00e1lt ki. Eljutott Laoszba, Kambodzs\u00e1ba, a J\u00e1va-szigetre, s k\u00f6zben a legnagyobb \u00e9lm\u00e9nyeket szerezte, \u00f6nbizalomra tett szert, megtanulta k\u00f6nnyebben kezelni az emberi kapcsol\u00f3d\u00e1sok olykor neh\u00e9z pontjait, kitart\u00f3bb lett \u00e9s arra a bels\u0151 bizonyoss\u00e1gra is szert tett, hogy valahogy mindig lesz, a legk\u00e9ts\u00e9gbeejt\u0151bb probl\u00e9ma is megold\u00f3dik.\u00a0<\/p><p>A visszat\u00e9r\u00e9s ugyan neh\u00e9z volt, id\u0151be telt, mire l\u00e9lekben is hazat\u00e9rt, ez\u00e9rt a munk\u00e1ba val\u00f3 vissza\u00e1ll\u00e1st ugyan\u00fagy \u00e9rdemes megtervezni, ahogy az elhagy\u00e1s\u00e1t, de minden pillanat meg\u00e9rte. Ma m\u00e1r vallja, ha bel\u00fclr\u0151l j\u00f6n egy h\u00edv\u00e1s, menni kell: akkor sem gondolkodott sokat, amikor m\u00e1sodik sabbaticalj\u00e1ra ment, hogy 33 nap alatt v\u00e9gigj\u00e1rja az El Camin\u00f3t.<br \/><br \/><\/p><p>Persze, el kell ismerni, alkot\u00f3i szabads\u00e1gra nem mehet b\u00e1rki. Legink\u00e1bb az olyan fels\u0151vezet\u0151k, kreat\u00edv, IT \u00e9s tudom\u00e1nyos ter\u00fcleten dolgoz\u00f3 munkav\u00e1llal\u00f3k tehetik ezt meg, akiknek van el\u00e9g anyagi tartal\u00e9kuk t\u00f6bb h\u00f3napig utazgatni. Aki el\u00e9g gazdag, az r\u00e1ad\u00e1sul a szervez\u00e9s ny\u0171g\u00e9t profi irod\u00e1ra is b\u00edzhatja, hogy azt\u00e1n m\u00e1r csak \u00e9lveznie kelljen a leop\u00e1rdok kerget\u0151z\u00e9s\u00e9t Indi\u00e1ban, az afrikai t\u00f6rzsek egyszer\u0171 \u00e9let\u00e9t vagy \u00e9ppen a c\u00e1p\u00e1kkal val\u00f3 b\u00fav\u00e1rkod\u00e1st \u2013 merthogy m\u00e1r olyan c\u00e9g is akad, amelyik erre a n\u00f6vekv\u0151 k\u00edn\u00e1latra szervez utakat. A h\u00e9tk\u00f6znapi munk\u00e1snak ez itthon m\u00e9g \u00e1lomszer\u0171, pedig a sabbatical olyan szakm\u00e1kban is j\u00f3l j\u00f6nne, mint a pedag\u00f3gusi vagy az orvosi. Nemcsak a ki\u00e9g\u00e9s elker\u00fcl\u00e9se v\u00e9gett, hanem az\u00e9rt is, mert ugyan egyetemes v\u00e1lasz m\u00e9g nem sz\u00fcletett arra a k\u00e9rd\u00e9sre, hogy miv\u00e9gre sz\u00fclett\u00fcnk a f\u00f6ldre, bizonyosan nem az\u00e9rt, hogy l\u00e9lektelen\u00fcl robotoljunk \u00e9vekig.<\/p><p><em>Szerz\u0151: Bertalan Melinda, Fot\u00f3: Bertalan Melinda, HR Port\u00e1l, Unsplash<\/em><\/p>\t\t\t\t\t\t\t\t<\/div>\n\t\t\t\t<\/div>\n\t\t\t\t\t<\/div>\n\t\t\t\t<\/div>\n\t\t<div class=\"elementor-element elementor-element-110bd7f e-flex e-con-boxed e-con e-parent\" data-id=\"110bd7f\" data-element_type=\"container\" data-e-type=\"container\">\n\t\t\t\t\t<div class=\"e-con-inner\">\n\t\t\t\t<div class=\"elementor-element elementor-element-7bc6fb7 upk-ss-btns-style-minimal upk-ss-btns-view-icon-text upk-layout-style--inline upk-ss-position--default upk-ss-btns-color-original elementor-widget elementor-widget-upk-social-share\" data-id=\"7bc6fb7\" data-element_type=\"widget\" data-e-type=\"widget\" data-widget_type=\"upk-social-share.default\">\n\t\t\t\t<div class=\"elementor-widget-container\">\n\t\t\t\t\t\t\t<div class=\"upk-social-share upk-ep-grid\">\n\t\t\t\t\t\t\t<div class=\"upk-social-share-item upk-ep-grid-item\">\n\t\t\t\t\t<div class=\"upk-ss-btn upk-ss-facebook\" data-social=\"facebook\">\n\t\t\t\t\t\t\t\t\t\t\t\t\t<span class=\"upk-ss-icon\">\n\t\t\t\t\t\t\t\t<i class=\"upk-icon-facebook\"><\/i>\n\t\t\t\t\t\t\t<\/span>\n\t\t\t\t\t\t\t\t\t\t\t\t\t\t\t\t\t\t\t<div class=\"upk-social-share-text upk-inline\">\n\t\t\t\t\t\t\t\t\t\t\t\t\t\t\t\t\t<span class=\"upk-social-share-title\">\n\t\t\t\t\t\t\t\t\t\tFacebook\t\t\t\t\t\t\t\t\t<\/span>\n\t\t\t\t\t\t\t\t\t\t\t\t\t\t\t\t\t\t\t\t\t\t\t<\/div>\n\t\t\t\t\t\t\t\t\t\t\t<\/div>\n\t\t\t\t<\/div>\n\t\t\t\t\t\t\t\t<div class=\"upk-social-share-item upk-ep-grid-item\">\n\t\t\t\t\t<div class=\"upk-ss-btn upk-ss-linkedin\" data-social=\"linkedin\">\n\t\t\t\t\t\t\t\t\t\t\t\t\t<span class=\"upk-ss-icon\">\n\t\t\t\t\t\t\t\t<i class=\"upk-icon-linkedin\"><\/i>\n\t\t\t\t\t\t\t<\/span>\n\t\t\t\t\t\t\t\t\t\t\t\t\t\t\t\t\t\t\t<div class=\"upk-social-share-text upk-inline\">\n\t\t\t\t\t\t\t\t\t\t\t\t\t\t\t\t\t<span class=\"upk-social-share-title\">\n\t\t\t\t\t\t\t\t\t\tLinkedin\t\t\t\t\t\t\t\t\t<\/span>\n\t\t\t\t\t\t\t\t\t\t\t\t\t\t\t\t\t\t\t\t\t\t\t<\/div>\n\t\t\t\t\t\t\t\t\t\t\t<\/div>\n\t\t\t\t<\/div>\n\t\t\t\t\t\t\t\t<div class=\"upk-social-share-item upk-ep-grid-item\">\n\t\t\t\t\t<div class=\"upk-ss-btn upk-ss-twitter\" data-social=\"twitter\">\n\t\t\t\t\t\t\t\t\t\t\t\t\t<span class=\"upk-ss-icon\">\n\t\t\t\t\t\t\t\t<i class=\"upk-icon-twitter\"><\/i>\n\t\t\t\t\t\t\t<\/span>\n\t\t\t\t\t\t\t\t\t\t\t\t\t\t\t\t\t\t\t<div class=\"upk-social-share-text upk-inline\">\n\t\t\t\t\t\t\t\t\t\t\t\t\t\t\t\t\t<span class=\"upk-social-share-title\">\n\t\t\t\t\t\t\t\t\t\tTwitter\t\t\t\t\t\t\t\t\t<\/span>\n\t\t\t\t\t\t\t\t\t\t\t\t\t\t\t\t\t\t\t\t\t\t\t<\/div>\n\t\t\t\t\t\t\t\t\t\t\t<\/div>\n\t\t\t\t<\/div>\n\t\t\t\t\t\t\t\t<div class=\"upk-social-share-item upk-ep-grid-item\">\n\t\t\t\t\t<div class=\"upk-ss-btn upk-ss-pinterest\" data-social=\"pinterest\">\n\t\t\t\t\t\t\t\t\t\t\t\t\t<span class=\"upk-ss-icon\">\n\t\t\t\t\t\t\t\t<i class=\"upk-icon-pinterest\"><\/i>\n\t\t\t\t\t\t\t<\/span>\n\t\t\t\t\t\t\t\t\t\t\t\t\t\t\t\t\t\t\t<div class=\"upk-social-share-text upk-inline\">\n\t\t\t\t\t\t\t\t\t\t\t\t\t\t\t\t\t<span class=\"upk-social-share-title\">\n\t\t\t\t\t\t\t\t\t\tPinterest\t\t\t\t\t\t\t\t\t<\/span>\n\t\t\t\t\t\t\t\t\t\t\t\t\t\t\t\t\t\t\t\t\t\t\t<\/div>\n\t\t\t\t\t\t\t\t\t\t\t<\/div>\n\t\t\t\t<\/div>\n\t\t\t\t\t\t<\/div>\n\n\t\t\n\t\t\t\t\t\t<\/div>\n\t\t\t\t<\/div>\n\t\t\t\t\t<\/div>\n\t\t\t\t<\/div>\n\t\t\t\t<\/div>\n\t\t","protected":false},"excerpt":{"rendered":"<p>A sabbatical int\u00e9zm\u00e9nye Nyugaton m\u00e1r bevett, de itthon is akad n\u00e9h\u00e1ny olyan szerencs\u00e9s, aki hosszabb id\u0151re f\u0151n\u00f6ki j\u00f3v\u00e1hagy\u00e1ssal kicsekkol a munkahely\u00e9r\u0151l, hogy a szabads\u00e1g\u00e1t pihen\u00e9ssel \u00e9s r\u00e9g\u00f3ta d\u00e9delgetett \u00e1lmok megval\u00f3s\u00edt\u00e1s\u00e1val t\u00f6ltse.<\/p>\n","protected":false},"author":1,"featured_media":349,"comment_status":"closed","ping_status":"closed","sticky":false,"template":"elementor_header_footer","format":"standard","meta":{"footnotes":""},"categories":[74,49],"tags":[73,46,47,48],"class_list":["post-1215","post","type-post","status-publish","format-standard","has-post-thumbnail","hentry","category-2023-osz","category-iranytu","tag-2023-osz","tag-iranytu","tag-kaland","tag-utazas"],"wpmagazine_modules_lite_featured_media_urls":{"thumbnail":["https:\/\/vehirlife.hu\/wp-content\/uploads\/2023\/11\/p1140865_2-150x150.jpeg",150,150,true],"cvmm-medium":["https:\/\/vehirlife.hu\/wp-content\/uploads\/2023\/11\/p1140865_2-300x300.jpeg",300,300,true],"cvmm-medium-plus":["https:\/\/vehirlife.hu\/wp-content\/uploads\/2023\/11\/p1140865_2-305x207.jpeg",305,207,true],"cvmm-portrait":["https:\/\/vehirlife.hu\/wp-content\/uploads\/2023\/11\/p1140865_2-400x600.jpeg",400,600,true],"cvmm-medium-square":["https:\/\/vehirlife.hu\/wp-content\/uploads\/2023\/11\/p1140865_2-600x600.jpeg",600,600,true],"cvmm-large":["https:\/\/vehirlife.hu\/wp-content\/uploads\/2023\/11\/p1140865_2.jpeg",900,674,false],"cvmm-small":["https:\/\/vehirlife.hu\/wp-content\/uploads\/2023\/11\/p1140865_2-130x95.jpeg",130,95,true],"full":["https:\/\/vehirlife.hu\/wp-content\/uploads\/2023\/11\/p1140865_2.jpeg",900,674,false]},"categories_names":{"74":{"name":"2023 \u0151sz","link":"https:\/\/vehirlife.hu\/index.php\/category\/2023-osz\/"},"49":{"name":"Ir\u00e1nyt\u0171","link":"https:\/\/vehirlife.hu\/index.php\/category\/iranytu\/"}},"tags_names":{"73":{"name":"2023 \u0151sz","link":"https:\/\/vehirlife.hu\/index.php\/tag\/2023-osz\/"},"46":{"name":"Ir\u00e1nyt\u0171","link":"https:\/\/vehirlife.hu\/index.php\/tag\/iranytu\/"},"47":{"name":"kaland","link":"https:\/\/vehirlife.hu\/index.php\/tag\/kaland\/"},"48":{"name":"utaz\u00e1s","link":"https:\/\/vehirlife.hu\/index.php\/tag\/utazas\/"}},"comments_number":"0","rttpg_featured_image_url":{"full":["https:\/\/vehirlife.hu\/wp-content\/uploads\/2023\/11\/p1140865_2.jpeg",900,674,false],"landscape":["https:\/\/vehirlife.hu\/wp-content\/uploads\/2023\/11\/p1140865_2.jpeg",900,674,false],"portraits":["https:\/\/vehirlife.hu\/wp-content\/uploads\/2023\/11\/p1140865_2.jpeg",900,674,false],"thumbnail":["https:\/\/vehirlife.hu\/wp-content\/uploads\/2023\/11\/p1140865_2-150x150.jpeg",150,150,true],"medium":["https:\/\/vehirlife.hu\/wp-content\/uploads\/2023\/11\/p1140865_2-300x225.jpeg",300,225,true],"large":["https:\/\/vehirlife.hu\/wp-content\/uploads\/2023\/11\/p1140865_2.jpeg",900,674,false],"1536x1536":["https:\/\/vehirlife.hu\/wp-content\/uploads\/2023\/11\/p1140865_2.jpeg",900,674,false],"2048x2048":["https:\/\/vehirlife.hu\/wp-content\/uploads\/2023\/11\/p1140865_2.jpeg",900,674,false],"cvmm-medium":["https:\/\/vehirlife.hu\/wp-content\/uploads\/2023\/11\/p1140865_2-300x300.jpeg",300,300,true],"cvmm-medium-plus":["https:\/\/vehirlife.hu\/wp-content\/uploads\/2023\/11\/p1140865_2-305x207.jpeg",305,207,true],"cvmm-portrait":["https:\/\/vehirlife.hu\/wp-content\/uploads\/2023\/11\/p1140865_2-400x600.jpeg",400,600,true],"cvmm-medium-square":["https:\/\/vehirlife.hu\/wp-content\/uploads\/2023\/11\/p1140865_2-600x600.jpeg",600,600,true],"cvmm-large":["https:\/\/vehirlife.hu\/wp-content\/uploads\/2023\/11\/p1140865_2.jpeg",900,674,false],"cvmm-small":["https:\/\/vehirlife.hu\/wp-content\/uploads\/2023\/11\/p1140865_2-130x95.jpeg",130,95,true]},"rttpg_author":{"display_name":false,"author_link":"https:\/\/vehirlife.hu\/index.php\/author\/admin_2uh85u12\/"},"rttpg_comment":0,"rttpg_category":"<a href=\"https:\/\/vehirlife.hu\/index.php\/category\/2023-osz\/\" rel=\"category tag\">2023 \u0151sz<\/a> <a href=\"https:\/\/vehirlife.hu\/index.php\/category\/iranytu\/\" rel=\"category tag\">Ir\u00e1nyt\u0171<\/a>","rttpg_excerpt":"A sabbatical int\u00e9zm\u00e9nye Nyugaton m\u00e1r bevett, de itthon is akad n\u00e9h\u00e1ny olyan szerencs\u00e9s, aki hosszabb id\u0151re f\u0151n\u00f6ki j\u00f3v\u00e1hagy\u00e1ssal kicsekkol a munkahely\u00e9r\u0151l, hogy a szabads\u00e1g\u00e1t pihen\u00e9ssel \u00e9s r\u00e9g\u00f3ta d\u00e9delgetett \u00e1lmok megval\u00f3s\u00edt\u00e1s\u00e1val t\u00f6ltse.","_links":{"self":[{"href":"https:\/\/vehirlife.hu\/index.php\/wp-json\/wp\/v2\/posts\/1215","targetHints":{"allow":["GET"]}}],"collection":[{"href":"https:\/\/vehirlife.hu\/index.php\/wp-json\/wp\/v2\/posts"}],"about":[{"href":"https:\/\/vehirlife.hu\/index.php\/wp-json\/wp\/v2\/types\/post"}],"author":[{"embeddable":true,"href":"https:\/\/vehirlife.hu\/index.php\/wp-json\/wp\/v2\/users\/1"}],"replies":[{"embeddable":true,"href":"https:\/\/vehirlife.hu\/index.php\/wp-json\/wp\/v2\/comments?post=1215"}],"version-history":[{"count":23,"href":"https:\/\/vehirlife.hu\/index.php\/wp-json\/wp\/v2\/posts\/1215\/revisions"}],"predecessor-version":[{"id":1715,"href":"https:\/\/vehirlife.hu\/index.php\/wp-json\/wp\/v2\/posts\/1215\/revisions\/1715"}],"wp:featuredmedia":[{"embeddable":true,"href":"https:\/\/vehirlife.hu\/index.php\/wp-json\/wp\/v2\/media\/349"}],"wp:attachment":[{"href":"https:\/\/vehirlife.hu\/index.php\/wp-json\/wp\/v2\/media?parent=1215"}],"wp:term":[{"taxonomy":"category","embeddable":true,"href":"https:\/\/vehirlife.hu\/index.php\/wp-json\/wp\/v2\/categories?post=1215"},{"taxonomy":"post_tag","embeddable":true,"href":"https:\/\/vehirlife.hu\/index.php\/wp-json\/wp\/v2\/tags?post=1215"}],"curies":[{"name":"wp","href":"https:\/\/api.w.org\/{rel}","templated":true}]}}