{"id":1160,"date":"2023-11-09T15:48:45","date_gmt":"2023-11-09T15:48:45","guid":{"rendered":"https:\/\/vehirlife.hu\/?p=1160"},"modified":"2023-11-13T11:20:54","modified_gmt":"2023-11-13T11:20:54","slug":"gyogyito-mancsok","status":"publish","type":"post","link":"https:\/\/vehirlife.hu\/index.php\/2023\/11\/09\/gyogyito-mancsok\/","title":{"rendered":"Gy\u00f3gy\u00edt\u00f3 mancsok"},"content":{"rendered":"\t\t<div data-elementor-type=\"wp-post\" data-elementor-id=\"1160\" class=\"elementor elementor-1160\">\n\t\t\t\t<div class=\"elementor-element elementor-element-2aa64a9 e-flex e-con-boxed e-con e-parent\" data-id=\"2aa64a9\" data-element_type=\"container\" data-e-type=\"container\">\n\t\t\t\t\t<div class=\"e-con-inner\">\n\t\t\t\t<div class=\"elementor-element elementor-element-9af4cd8 elementor-widget__width-inherit elementor-widget elementor-widget-image\" data-id=\"9af4cd8\" data-element_type=\"widget\" data-e-type=\"widget\" data-widget_type=\"image.default\">\n\t\t\t\t<div class=\"elementor-widget-container\">\n\t\t\t\t\t\t\t\t\t\t\t\t\t\t\t<img fetchpriority=\"high\" decoding=\"async\" width=\"900\" height=\"600\" src=\"https:\/\/vehirlife.hu\/wp-content\/uploads\/2023\/11\/janoska-anika_web-004.jpg\" class=\"attachment-full size-full wp-image-340\" alt=\"\" srcset=\"https:\/\/vehirlife.hu\/wp-content\/uploads\/2023\/11\/janoska-anika_web-004.jpg 900w, https:\/\/vehirlife.hu\/wp-content\/uploads\/2023\/11\/janoska-anika_web-004-300x200.jpg 300w, https:\/\/vehirlife.hu\/wp-content\/uploads\/2023\/11\/janoska-anika_web-004-768x512.jpg 768w\" sizes=\"(max-width: 900px) 100vw, 900px\" \/>\t\t\t\t\t\t\t\t\t\t\t\t\t\t\t<\/div>\n\t\t\t\t<\/div>\n\t\t\t\t\t<\/div>\n\t\t\t\t<\/div>\n\t\t<div class=\"elementor-element elementor-element-b6d41bb e-flex e-con-boxed e-con e-parent\" data-id=\"b6d41bb\" data-element_type=\"container\" data-e-type=\"container\">\n\t\t\t\t\t<div class=\"e-con-inner\">\n\t\t\t\t<div class=\"elementor-element elementor-element-2f72d8e elementor-widget elementor-widget-heading\" data-id=\"2f72d8e\" data-element_type=\"widget\" data-e-type=\"widget\" data-widget_type=\"heading.default\">\n\t\t\t\t<div class=\"elementor-widget-container\">\n\t\t\t\t\t<h1 class=\"elementor-heading-title elementor-size-default\">Gy\u00f3gy\u00edt\u00f3 mancsok<\/h1>\t\t\t\t<\/div>\n\t\t\t\t<\/div>\n\t\t\t\t<div class=\"elementor-element elementor-element-e45bc39 elementor-widget elementor-widget-text-editor\" data-id=\"e45bc39\" data-element_type=\"widget\" data-e-type=\"widget\" data-widget_type=\"text-editor.default\">\n\t\t\t\t<div class=\"elementor-widget-container\">\n\t\t\t\t\t\t\t\t\t<ul><li><strong>A kedvtel\u00e9sb\u0151l tartott h\u00e1zi\u00e1llatokat m\u00e1r a k\u00f6z\u00e9pkort\u00f3l kezdve haszn\u00e1lt\u00e1k ter\u00e1pi\u00e1s c\u00e9lokra, term\u00e9szetes r\u00e9sz\u00e9t k\u00e9pezt\u00e9k az emberek rehabilit\u00e1ci\u00f3j\u00e1nak. K\u00e9s\u0151bb a Human-Animal Bond koncepci\u00f3j\u00e1t egy amerikai pszichol\u00f3gus, Boris Levinson \u00e9s Konrad Lorenz, osztr\u00e1k etol\u00f3gus alkotta meg, akik ezt a k\u00f6t\u0151d\u00e9st az emberek bels\u0151 sz\u00fcks\u00e9glet\u00e9vel magyar\u00e1zt\u00e1k, amivel kaotikus \u00e9let\u00fckben pr\u00f3b\u00e1lnak kapcsolatot teremteni a term\u00e9szettel. <br \/><br \/><\/strong><\/li><li><strong>Az \u00e1llatassziszt\u00e1lt \u00e9s f\u0151leg a kuty\u00e1kkal val\u00f3 ter\u00e1pia multidiszciplin\u00e1ris eredet\u0171, az \u00e1llatgy\u00f3gy\u00e1szat, a pszichol\u00f3gia, a szociol\u00f3gia, a pszichi\u00e1tria ter\u00fcleteit is \u00e9rinti. A modern vil\u00e1gban f\u0151leg hospice-ell\u00e1t\u00e1sban vagy gyermekfoglalkoz\u00e1sokon tal\u00e1lkozhatunk ezzel a ter\u00e1pi\u00e1s felfog\u00e1ssal, mely legink\u00e1bb motiv\u00e1ci\u00f3s \u00e9s prevenci\u00f3s jelleg\u0171. <br \/><br \/><\/strong><\/li><li><strong>A kuty\u00e1s ter\u00e1pia fontoss\u00e1g\u00e1r\u00f3l \u00e9s annak pozit\u00edv aspektusair\u00f3l J\u00e1nos Anik\u00f3val besz\u00e9lgett\u00fcnk, aki Veszpr\u00e9mben dolgozik ter\u00e1pi\u00e1s kutyafelvezet\u0151k\u00e9nt a Doktor Mancsok \u00c1llatassziszt\u00e1lt Ter\u00e1pi\u00e1s Alap\u00edtv\u00e1ny k\u00f6tel\u00e9k\u00e9ben<\/strong><\/li><\/ul>\t\t\t\t\t\t\t\t<\/div>\n\t\t\t\t<\/div>\n\t\t\t\t<div class=\"elementor-element elementor-element-c22fa0f elementor-widget-divider--view-line elementor-widget elementor-widget-divider\" data-id=\"c22fa0f\" data-element_type=\"widget\" data-e-type=\"widget\" data-widget_type=\"divider.default\">\n\t\t\t\t<div class=\"elementor-widget-container\">\n\t\t\t\t\t\t\t<div class=\"elementor-divider\">\n\t\t\t<span class=\"elementor-divider-separator\">\n\t\t\t\t\t\t<\/span>\n\t\t<\/div>\n\t\t\t\t\t\t<\/div>\n\t\t\t\t<\/div>\n\t\t\t\t\t<\/div>\n\t\t\t\t<\/div>\n\t\t<div class=\"elementor-element elementor-element-4de356a e-flex e-con-boxed e-con e-parent\" data-id=\"4de356a\" data-element_type=\"container\" data-e-type=\"container\">\n\t\t\t\t\t<div class=\"e-con-inner\">\n\t\t\t\t<div class=\"elementor-element elementor-element-8c08618 elementor-drop-cap-yes elementor-drop-cap-view-default elementor-widget elementor-widget-text-editor\" data-id=\"8c08618\" data-element_type=\"widget\" data-e-type=\"widget\" data-settings=\"{&quot;drop_cap&quot;:&quot;yes&quot;}\" data-widget_type=\"text-editor.default\">\n\t\t\t\t<div class=\"elementor-widget-container\">\n\t\t\t\t\t\t\t\t\t<p>Anik\u00f3 nagyl\u00e1ny\u00e1nak teny\u00e9sztett, ki\u00e1ll\u00edt\u00e1sokra sz\u00e1nt kuty\u00e1ival, k\u00e9t golden retrieverrel kezdett el ter\u00e1pi\u00e1s vonalon dolgozni. Kisebbik l\u00e1ny\u00e1nak \u00f3vod\u00e1j\u00e1ban tartotta az els\u0151 foglalkoz\u00e1sokat t\u00f6bb mint t\u00edz \u00e9vvel ezel\u0151tt, a veszpr\u00e9mi Egry \u00fati K\u00f6rzeti \u00d3vod\u00e1ban. A kuty\u00e1k \u00e9s gyermekek k\u00f6z\u00f6tt m\u00e1r akkor olyan k\u00f6tel\u00e9k alakult ki, amely Anik\u00f3t \u00e9s az \u00f3vodapedag\u00f3gusokat is arra \u00f6szt\u00f6k\u00e9lte, hogy folytass\u00e1k a ter\u00e1pi\u00e1kat, rendszeresen \u00e9s hosszabb t\u00e1von is. Ehhez sz\u00fcks\u00e9g volt a kuty\u00e1k megfelel\u0151 term\u00e9szet\u00e9re, akik val\u00f3ban szeretnek gyermekek k\u00f6z\u00f6tt dolgozni, \u00e9s a pedag\u00f3gusok nyitotts\u00e1g\u00e1ra is, mert a feladatokat egyszerre kell a gyermek \u00e9s az \u00e1llat szemsz\u00f6g\u00e9b\u0151l vizsg\u00e1lni, ehhez pedig nem csak az \u00e1llatszeretet, de a k\u00e9pzetts\u00e9g is elengedhetetlen:\u00a0<\/p><p>,,Vannak akt\u00edv- \u00e9s passz\u00edv r\u00e9szei is a foglalkoz\u00e1snak, de ahhoz, hogy megfelel\u0151en be tudjon kapcsol\u00f3dni a pedag\u00f3gus, \u00e9s egyar\u00e1nt a gyermekekre \u00e9s a kuty\u00e1ra szabott tervezetet hozzunk l\u00e9tre, foglalkoz\u00e1s-vezet\u0151 tanfolyamokon kell r\u00e9szt venni, amit nem az int\u00e9zm\u00e9ny biztos\u00edt, hanem \u00f6n\u00e1ll\u00f3an, a saj\u00e1t szabadidej\u00fcket felhaszn\u00e1lva kell k\u00e9pezni\u00fck magukat.\u201d<\/p>\t\t\t\t\t\t\t\t<\/div>\n\t\t\t\t<\/div>\n\t\t\t\t\t<\/div>\n\t\t\t\t<\/div>\n\t\t<div class=\"elementor-element elementor-element-c8de3fb e-flex e-con-boxed e-con e-parent\" data-id=\"c8de3fb\" data-element_type=\"container\" data-e-type=\"container\">\n\t\t\t\t\t<div class=\"e-con-inner\">\n\t\t\t\t<div class=\"elementor-element elementor-element-c8a0063 elementor-widget elementor-widget-image\" data-id=\"c8a0063\" data-element_type=\"widget\" data-e-type=\"widget\" data-widget_type=\"image.default\">\n\t\t\t\t<div class=\"elementor-widget-container\">\n\t\t\t\t\t\t\t\t\t\t\t\t\t\t\t<img decoding=\"async\" width=\"900\" height=\"600\" src=\"https:\/\/vehirlife.hu\/wp-content\/uploads\/2023\/11\/janoska-aniko_print-014.jpg\" class=\"attachment-full size-full wp-image-1169\" alt=\"\" srcset=\"https:\/\/vehirlife.hu\/wp-content\/uploads\/2023\/11\/janoska-aniko_print-014.jpg 900w, https:\/\/vehirlife.hu\/wp-content\/uploads\/2023\/11\/janoska-aniko_print-014-300x200.jpg 300w, https:\/\/vehirlife.hu\/wp-content\/uploads\/2023\/11\/janoska-aniko_print-014-768x512.jpg 768w\" sizes=\"(max-width: 900px) 100vw, 900px\" \/>\t\t\t\t\t\t\t\t\t\t\t\t\t\t\t<\/div>\n\t\t\t\t<\/div>\n\t\t\t\t\t<\/div>\n\t\t\t\t<\/div>\n\t\t<div class=\"elementor-element elementor-element-ebe96b3 e-flex e-con-boxed e-con e-parent\" data-id=\"ebe96b3\" data-element_type=\"container\" data-e-type=\"container\">\n\t\t\t\t\t<div class=\"e-con-inner\">\n\t\t\t\t<div class=\"elementor-element elementor-element-b9d4f2a elementor-drop-cap-yes elementor-drop-cap-view-default elementor-widget elementor-widget-text-editor\" data-id=\"b9d4f2a\" data-element_type=\"widget\" data-e-type=\"widget\" data-settings=\"{&quot;drop_cap&quot;:&quot;yes&quot;}\" data-widget_type=\"text-editor.default\">\n\t\t\t\t<div class=\"elementor-widget-container\">\n\t\t\t\t\t\t\t\t\t<p>Anik\u00f3 jelenleg egy kuty\u00e1val \u2013 aki szint\u00e9n golden retriever \u2013, Travellel dolgozik, aki mondhatni erre a feladatra sz\u00fcletett, \u00e9s a tr\u00fckk\u00f6k\u00f6n k\u00edv\u00fcl nem kellett neki tan\u00edtani m\u00e1st. A n\u00e9gyl\u00e1b\u00fa \u00f6szt\u00f6n\u00f6sen hangol\u00f3dik r\u00e1 a kicsik lelkivil\u00e1g\u00e1ra, figyel r\u00e1juk, \u00e9s az alapj\u00e1n seg\u00edti \u0151ket. ,,A kuty\u00e1kat egy\u00e9bk\u00e9nt legt\u00f6bbsz\u00f6r sz\u00fclet\u00e9s\u00fckt\u0151l fogva tesztelik a munk\u00e1ra, k\u00f6ly\u00f6kkorban m\u00e1r nagy val\u00f3sz\u00edn\u0171s\u00e9ggel meg lehet mondani, melyik kuty\u00e1b\u00f3l v\u00e1lik j\u00f3 ter\u00e1pi\u00e1s kutya, de ez f\u00fcgg att\u00f3l is, hogy a gazd\u00e1ja mennyi munk\u00e1t fektet bele. A kutya \u00e9s gazd\u00e1ja mindig egy\u00fctt mozog, Travel nem dolgozhat m\u00e1ssal, csak velem, minden az egy\u00fcttm\u0171k\u00f6d\u00e9sen alapszik. Van kutya, amelyik jobban szeret gyerekekkel, mint mondjuk id\u0151sekkel dolgozni, vagy olyan, amelyik nem szereti a t\u00fal nagy hangzavart \u2013 att\u00f3l m\u00e9g lehet j\u00f3 ter\u00e1pi\u00e1s kutya, a megfelel\u0151 feladatok f\u00fcggv\u00e9ny\u00e9ben\u201d \u2013 adja meg a v\u00e1laszt Anik\u00f3, amikor a t\u00f6k\u00e9letes ter\u00e1pi\u00e1s kuty\u00e1r\u00f3l k\u00e9rdezem.\u00a0<\/p><p>A siker teh\u00e1t azon m\u00falik, mennyire ismerik \u00e9s tudj\u00e1k j\u00f3l ir\u00e1ny\u00edtani a kuty\u00e1t a ter\u00e1pi\u00e1n. Ezek a speci\u00e1lisan k\u00e9pzett kuty\u00e1k k\u00f6nnyed\u00e9n bekapcsol\u00f3dnak a gondoz\u00e1ssal kapcsolatos, k\u00e9pess\u00e9gfejleszt\u0151, nagymozg\u00e1sos, finommotorikus \u00e9s kommunik\u00e1ci\u00f3s feladatokba is.\u00a0<\/p>\t\t\t\t\t\t\t\t<\/div>\n\t\t\t\t<\/div>\n\t\t\t\t\t<\/div>\n\t\t\t\t<\/div>\n\t\t<div class=\"elementor-element elementor-element-7f2b0a0 e-flex e-con-boxed e-con e-parent\" data-id=\"7f2b0a0\" data-element_type=\"container\" data-e-type=\"container\">\n\t\t\t\t\t<div class=\"e-con-inner\">\n\t\t\t\t<div class=\"elementor-element elementor-element-d88843c elementor-drop-cap-yes elementor-drop-cap-view-default elementor-widget elementor-widget-text-editor\" data-id=\"d88843c\" data-element_type=\"widget\" data-e-type=\"widget\" data-settings=\"{&quot;drop_cap&quot;:&quot;yes&quot;}\" data-widget_type=\"text-editor.default\">\n\t\t\t\t<div class=\"elementor-widget-container\">\n\t\t\t\t\t\t\t\t\t<p>&#8221; A kuty\u00e1s foglalkoz\u00e1sok sor\u00e1n a gyerekek sz\u00edvesen r\u00e9szt vesznek olyan fejleszt\u0151 feladatokban, amelyeket egy\u00e9bk\u00e9nt neh\u00e9znek \u00e9rezn\u00e9nek, vagy ak\u00e1r kudarck\u00e9nt \u00e9ln\u00e9nek meg. A kutya jelenl\u00e9te plusz motiv\u00e1ci\u00f3t ad sz\u00e1mukra egy h\u00e9tk\u00f6znapi feladathoz is.<\/p><p>Vannak olyan alkalmak is, amikor halmozottan s\u00e9r\u00fclt gyermekekkel is foglalkozunk, akik igaz\u00e1b\u00f3l m\u00e1r unj\u00e1k, hogy musz\u00e1j nekik mindennap ugyanazokat a gyakorlatokat elv\u00e9gezni\u00fck. Ha azonban az a feladat, hogy k\u00fasszon oda a kuty\u00e1hoz, akkor t\u0171z\u00f6n-v\u00edzen is \u00e1tmegy \u00e9rte, pedig neh\u00e9z, s\u0151t f\u00e1jhat is neki, m\u00e9gis boldog t\u0151le.<\/p><p>A j\u00e1t\u00e9k \u00f6r\u00f6m\u00e9t \u00e9rzik csak\u201d \u2013 mes\u00e9li a kutyafelvezet\u0151, aki munk\u00e1ja sor\u00e1n t\u00f6bb k\u00fcl\u00f6nleges ig\u00e9ny\u0171 gyermekkel is tal\u00e1lkozott m\u00e1r.\u00a0<\/p>\t\t\t\t\t\t\t\t<\/div>\n\t\t\t\t<\/div>\n\t\t\t\t\t<\/div>\n\t\t\t\t<\/div>\n\t\t<div class=\"elementor-element elementor-element-46a82d7 e-flex e-con-boxed e-con e-parent\" data-id=\"46a82d7\" data-element_type=\"container\" data-e-type=\"container\">\n\t\t\t\t\t<div class=\"e-con-inner\">\n\t\t\t\t<div class=\"elementor-element elementor-element-aa5bd4a elementor-drop-cap-yes elementor-drop-cap-view-default elementor-widget elementor-widget-text-editor\" data-id=\"aa5bd4a\" data-element_type=\"widget\" data-e-type=\"widget\" data-settings=\"{&quot;drop_cap&quot;:&quot;yes&quot;}\" data-widget_type=\"text-editor.default\">\n\t\t\t\t<div class=\"elementor-widget-container\">\n\t\t\t\t\t\t\t\t\t<p>Az \u00f3vod\u00e1ban megtanulj\u00e1k a kisgyermekek, hogyan szabad egy kuty\u00e1hoz ny\u00falni, hogyan kell gondozni \u0151ket, de az \u00e1ltal\u00e1nos ismeretek megszerz\u00e9se mellett kialak\u00edtj\u00e1k a biztons\u00e1g \u00e9rz\u00e9s\u00e9t is az \u00e1llatok k\u00f6r\u00e9ben, illetve empatikus k\u00e9szs\u00e9geiket is fejlesztik, amellyel az emberi t\u00e1rsas kapcsolatok alapj\u00e1t is megteremtik. A feladatokat az \u00e9v k\u00f6zben tanultakhoz \u00e9s egyben az \u00e9letkorhoz is igaz\u00edtj\u00e1k a ter\u00e1pia sor\u00e1n.<\/p><p>Az \u00e9rz\u00e9keny\u00edt\u00e9snek is nagy szerepe van. A foglalkoz\u00e1sokon semmi nem k\u00f6telez\u0151, ha a gyermek \u00fagy \u00e9rzi, f\u00e9l a kuty\u00e1kt\u00f3l, akkor csak v\u00e9gigk\u00eds\u00e9ri a foglalkoz\u00e1st, nem kell r\u00e9szt vennie rajta. Amikor azonban l\u00e1tja a t\u00f6bbiek \u00f6nfeledt j\u00e1t\u00e9k\u00e1t, a mosolyt az arcukon, egy id\u0151 ut\u00e1n saj\u00e1t maga \u00f6nk\u00e9nt kapcsol\u00f3dik be a j\u00e1t\u00e9kba, amit mi mindig megv\u00e1runk. Alapb\u00f3l a gyerekek nem f\u00e9lnek az \u00e1llatokt\u00f3l, a sz\u00fcl\u0151k saj\u00e1t f\u00e9lelmeiket szokt\u00e1k benn\u00fck el\u00fcltetni, egy\u00e9bk\u00e9nt nem tudatosan. Ez m\u00e1r sz\u00fcl\u0151i felel\u0151ss\u00e9g, ha l\u00e1tjuk, hogy a gyermek old\u00f3dik, akkor seg\u00edts\u00e9k ezt a folyamatot \u00e9s ne h\u00e1tr\u00e1ltass\u00e1k. Ez egy gener\u00e1ci\u00f3kon \u00e1t\u00edvel\u0151 folyamat is lehet, kezdj\u00fck a gyerekkel, \u00e9s v\u00e9g\u00fcl a sz\u00fcl\u0151 is b\u00e1tors\u00e1got nyer bel\u0151le.<\/p>\t\t\t\t\t\t\t\t<\/div>\n\t\t\t\t<\/div>\n\t\t\t\t\t<\/div>\n\t\t\t\t<\/div>\n\t\t<div class=\"elementor-element elementor-element-1ae6f2b e-flex e-con-boxed e-con e-parent\" data-id=\"1ae6f2b\" data-element_type=\"container\" data-e-type=\"container\">\n\t\t\t\t\t<div class=\"e-con-inner\">\n\t\t\t\t<div class=\"elementor-element elementor-element-548eccd elementor-widget elementor-widget-image\" data-id=\"548eccd\" data-element_type=\"widget\" data-e-type=\"widget\" data-widget_type=\"image.default\">\n\t\t\t\t<div class=\"elementor-widget-container\">\n\t\t\t\t\t\t\t\t\t\t\t\t\t\t\t<img decoding=\"async\" width=\"900\" height=\"600\" src=\"https:\/\/vehirlife.hu\/wp-content\/uploads\/2023\/11\/janoska-aniko_print-013.jpg\" class=\"attachment-full size-full wp-image-1185\" alt=\"\" srcset=\"https:\/\/vehirlife.hu\/wp-content\/uploads\/2023\/11\/janoska-aniko_print-013.jpg 900w, https:\/\/vehirlife.hu\/wp-content\/uploads\/2023\/11\/janoska-aniko_print-013-300x200.jpg 300w, https:\/\/vehirlife.hu\/wp-content\/uploads\/2023\/11\/janoska-aniko_print-013-768x512.jpg 768w\" sizes=\"(max-width: 900px) 100vw, 900px\" \/>\t\t\t\t\t\t\t\t\t\t\t\t\t\t\t<\/div>\n\t\t\t\t<\/div>\n\t\t\t\t\t<\/div>\n\t\t\t\t<\/div>\n\t\t<div class=\"elementor-element elementor-element-d12a3cd e-flex e-con-boxed e-con e-parent\" data-id=\"d12a3cd\" data-element_type=\"container\" data-e-type=\"container\">\n\t\t\t\t\t<div class=\"e-con-inner\">\n\t\t\t\t<div class=\"elementor-element elementor-element-51f617d elementor-drop-cap-yes elementor-drop-cap-view-default elementor-widget elementor-widget-text-editor\" data-id=\"51f617d\" data-element_type=\"widget\" data-e-type=\"widget\" data-settings=\"{&quot;drop_cap&quot;:&quot;yes&quot;}\" data-widget_type=\"text-editor.default\">\n\t\t\t\t<div class=\"elementor-widget-container\">\n\t\t\t\t\t\t\t\t\t<p>A felel\u0151s \u00e1llattart\u00e1s az egyik legjelent\u0151sebb t\u00e9ma, amit igyekeznek az \u00e9v folyam\u00e1n t\u00f6bbsz\u00f6r is \u00e9rinteni, nevel\u0151 c\u00e9lzattal, de j\u00e1t\u00e9kos form\u00e1ban, \u00e9s amelynek fontoss\u00e1g\u00e1t \u2013 a gyermekek szintj\u00e9n kezelve \u2013 pr\u00f3b\u00e1lj\u00e1k m\u00e1r a legelej\u00e9t\u0151l megtan\u00edtani nekik az \u00f3vod\u00e1ban. Anik\u00f3 szerint t\u00f6bb apr\u00f3 tr\u00fckkel is r\u00e1 lehet vil\u00e1g\u00edtani a kutyatart\u00e1s felel\u0151ss\u00e9gteljes \u00e9s \u00f6r\u00f6mteli feladat\u00e1ra: A gyerekek nagyon szeretik p\u00e9ld\u00e1ul a p\u00f3r\u00e1zon vezet\u00e9st. \u0150 egy kik\u00e9pzett kutya, lassan megy, nem h\u00fazza \u0151ket, \u00e9s ett\u0151l \u00fagy \u00e9rzik magukat, mintha \u0151k tan\u00edtott\u00e1k volna. A parancsokat is \u0151k mondj\u00e1k neki, ami a besz\u00e9dfejl\u0151d\u00e9sre is hat, hiszen sokat kommunik\u00e1lnak ilyenkor Travellel. Megtanulj\u00e1k k\u00f6zben, hogy vigy\u00e1zni kell az \u00e1llatokra, hogy a kutya nem st\u00e1tuszszimb\u00f3lum, mint egy h\u00e1z, vagy egy aut\u00f3, nem lehet az\u00e9rt az utc\u00e1ra tenni, mert nem olyan, mint, ahogy elk\u00e9pzelt\u00fck. Ez olyan felel\u0151ss\u00e9g, amelyre m\u00e1r kisgyermek kort\u00f3l kezdve eduk\u00e1lni kell az embereket, \u00e9s szerencs\u00e9re \u2013 ennek a programnak k\u00f6sz\u00f6nhet\u0151en is \u2013 javul\u00f3 a tendencia.<br \/><br \/><em>Szerz\u0151: Balogh D\u00f3ra, Fot\u00f3k: Kov\u00e1cs B\u00e1lint<\/em><\/p>\t\t\t\t\t\t\t\t<\/div>\n\t\t\t\t<\/div>\n\t\t\t\t\t<\/div>\n\t\t\t\t<\/div>\n\t\t<div class=\"elementor-element elementor-element-110bd7f e-flex e-con-boxed e-con e-parent\" data-id=\"110bd7f\" data-element_type=\"container\" data-e-type=\"container\">\n\t\t\t\t\t<div class=\"e-con-inner\">\n\t\t\t\t<div class=\"elementor-element elementor-element-7bc6fb7 upk-ss-btns-style-minimal upk-ss-btns-view-icon-text upk-layout-style--inline upk-ss-position--default upk-ss-btns-color-original elementor-widget elementor-widget-upk-social-share\" data-id=\"7bc6fb7\" data-element_type=\"widget\" data-e-type=\"widget\" data-widget_type=\"upk-social-share.default\">\n\t\t\t\t<div class=\"elementor-widget-container\">\n\t\t\t\t\t\t\t<div class=\"upk-social-share upk-ep-grid\">\n\t\t\t\t\t\t\t<div class=\"upk-social-share-item upk-ep-grid-item\">\n\t\t\t\t\t<div class=\"upk-ss-btn upk-ss-facebook\" data-social=\"facebook\">\n\t\t\t\t\t\t\t\t\t\t\t\t\t<span class=\"upk-ss-icon\">\n\t\t\t\t\t\t\t\t<i class=\"upk-icon-facebook\"><\/i>\n\t\t\t\t\t\t\t<\/span>\n\t\t\t\t\t\t\t\t\t\t\t\t\t\t\t\t\t\t\t<div class=\"upk-social-share-text upk-inline\">\n\t\t\t\t\t\t\t\t\t\t\t\t\t\t\t\t\t<span class=\"upk-social-share-title\">\n\t\t\t\t\t\t\t\t\t\tFacebook\t\t\t\t\t\t\t\t\t<\/span>\n\t\t\t\t\t\t\t\t\t\t\t\t\t\t\t\t\t\t\t\t\t\t\t<\/div>\n\t\t\t\t\t\t\t\t\t\t\t<\/div>\n\t\t\t\t<\/div>\n\t\t\t\t\t\t\t\t<div class=\"upk-social-share-item upk-ep-grid-item\">\n\t\t\t\t\t<div class=\"upk-ss-btn upk-ss-linkedin\" data-social=\"linkedin\">\n\t\t\t\t\t\t\t\t\t\t\t\t\t<span class=\"upk-ss-icon\">\n\t\t\t\t\t\t\t\t<i class=\"upk-icon-linkedin\"><\/i>\n\t\t\t\t\t\t\t<\/span>\n\t\t\t\t\t\t\t\t\t\t\t\t\t\t\t\t\t\t\t<div class=\"upk-social-share-text upk-inline\">\n\t\t\t\t\t\t\t\t\t\t\t\t\t\t\t\t\t<span class=\"upk-social-share-title\">\n\t\t\t\t\t\t\t\t\t\tLinkedin\t\t\t\t\t\t\t\t\t<\/span>\n\t\t\t\t\t\t\t\t\t\t\t\t\t\t\t\t\t\t\t\t\t\t\t<\/div>\n\t\t\t\t\t\t\t\t\t\t\t<\/div>\n\t\t\t\t<\/div>\n\t\t\t\t\t\t\t\t<div class=\"upk-social-share-item upk-ep-grid-item\">\n\t\t\t\t\t<div class=\"upk-ss-btn upk-ss-twitter\" data-social=\"twitter\">\n\t\t\t\t\t\t\t\t\t\t\t\t\t<span class=\"upk-ss-icon\">\n\t\t\t\t\t\t\t\t<i class=\"upk-icon-twitter\"><\/i>\n\t\t\t\t\t\t\t<\/span>\n\t\t\t\t\t\t\t\t\t\t\t\t\t\t\t\t\t\t\t<div class=\"upk-social-share-text upk-inline\">\n\t\t\t\t\t\t\t\t\t\t\t\t\t\t\t\t\t<span class=\"upk-social-share-title\">\n\t\t\t\t\t\t\t\t\t\tTwitter\t\t\t\t\t\t\t\t\t<\/span>\n\t\t\t\t\t\t\t\t\t\t\t\t\t\t\t\t\t\t\t\t\t\t\t<\/div>\n\t\t\t\t\t\t\t\t\t\t\t<\/div>\n\t\t\t\t<\/div>\n\t\t\t\t\t\t\t\t<div class=\"upk-social-share-item upk-ep-grid-item\">\n\t\t\t\t\t<div class=\"upk-ss-btn upk-ss-pinterest\" data-social=\"pinterest\">\n\t\t\t\t\t\t\t\t\t\t\t\t\t<span class=\"upk-ss-icon\">\n\t\t\t\t\t\t\t\t<i class=\"upk-icon-pinterest\"><\/i>\n\t\t\t\t\t\t\t<\/span>\n\t\t\t\t\t\t\t\t\t\t\t\t\t\t\t\t\t\t\t<div class=\"upk-social-share-text upk-inline\">\n\t\t\t\t\t\t\t\t\t\t\t\t\t\t\t\t\t<span class=\"upk-social-share-title\">\n\t\t\t\t\t\t\t\t\t\tPinterest\t\t\t\t\t\t\t\t\t<\/span>\n\t\t\t\t\t\t\t\t\t\t\t\t\t\t\t\t\t\t\t\t\t\t\t<\/div>\n\t\t\t\t\t\t\t\t\t\t\t<\/div>\n\t\t\t\t<\/div>\n\t\t\t\t\t\t<\/div>\n\n\t\t\n\t\t\t\t\t\t<\/div>\n\t\t\t\t<\/div>\n\t\t<div class=\"elementor-element elementor-element-7ca5925 e-flex e-con-boxed e-con e-child\" data-id=\"7ca5925\" data-element_type=\"container\" data-e-type=\"container\">\n\t\t\t\t\t<div class=\"e-con-inner\">\n\t\t\t\t\t<\/div>\n\t\t\t\t<\/div>\n\t\t\t\t\t<\/div>\n\t\t\t\t<\/div>\n\t\t\t\t<\/div>\n\t\t","protected":false},"excerpt":{"rendered":"<p>Az \u00e1llatassziszt\u00e1lt \u00e9s f\u0151leg a kuty\u00e1kkal val\u00f3 ter\u00e1pia multidiszciplin\u00e1ris eredet\u0171, az \u00e1llatgy\u00f3gy\u00e1szat, a pszichol\u00f3gia, a szociol\u00f3gia, a pszichi\u00e1tria ter\u00fcleteit is \u00e9rinti. A modern vil\u00e1gban f\u0151leg hospice-ell\u00e1t\u00e1sban vagy gyermekfoglalkoz\u00e1sokon tal\u00e1lkozhatunk ezzel a ter\u00e1pi\u00e1s felfog\u00e1ssal, mely legink\u00e1bb motiv\u00e1ci\u00f3s \u00e9s prevenci\u00f3s jelleg\u0171.<\/p>\n","protected":false},"author":1,"featured_media":340,"comment_status":"closed","ping_status":"closed","sticky":false,"template":"elementor_header_footer","format":"standard","meta":{"footnotes":""},"categories":[74,40],"tags":[73,39,43,41,42],"class_list":["post-1160","post","type-post","status-publish","format-standard","has-post-thumbnail","hentry","category-2023-osz","category-caffe-latte","tag-2023-osz","tag-caffe-latte","tag-janoska-aniko","tag-kutya","tag-kutyaterapia"],"wpmagazine_modules_lite_featured_media_urls":{"thumbnail":["https:\/\/vehirlife.hu\/wp-content\/uploads\/2023\/11\/janoska-anika_web-004-150x150.jpg",150,150,true],"cvmm-medium":["https:\/\/vehirlife.hu\/wp-content\/uploads\/2023\/11\/janoska-anika_web-004-300x300.jpg",300,300,true],"cvmm-medium-plus":["https:\/\/vehirlife.hu\/wp-content\/uploads\/2023\/11\/janoska-anika_web-004-305x207.jpg",305,207,true],"cvmm-portrait":["https:\/\/vehirlife.hu\/wp-content\/uploads\/2023\/11\/janoska-anika_web-004-400x600.jpg",400,600,true],"cvmm-medium-square":["https:\/\/vehirlife.hu\/wp-content\/uploads\/2023\/11\/janoska-anika_web-004-600x600.jpg",600,600,true],"cvmm-large":["https:\/\/vehirlife.hu\/wp-content\/uploads\/2023\/11\/janoska-anika_web-004.jpg",900,600,false],"cvmm-small":["https:\/\/vehirlife.hu\/wp-content\/uploads\/2023\/11\/janoska-anika_web-004-130x95.jpg",130,95,true],"full":["https:\/\/vehirlife.hu\/wp-content\/uploads\/2023\/11\/janoska-anika_web-004.jpg",900,600,false]},"categories_names":{"74":{"name":"2023 \u0151sz","link":"https:\/\/vehirlife.hu\/index.php\/category\/2023-osz\/"},"40":{"name":"Caff\u00e9 latte","link":"https:\/\/vehirlife.hu\/index.php\/category\/caffe-latte\/"}},"tags_names":{"73":{"name":"2023 \u0151sz","link":"https:\/\/vehirlife.hu\/index.php\/tag\/2023-osz\/"},"39":{"name":"caff\u00e9 latte","link":"https:\/\/vehirlife.hu\/index.php\/tag\/caffe-latte\/"},"43":{"name":"J\u00e1noska Anik\u00f3","link":"https:\/\/vehirlife.hu\/index.php\/tag\/janoska-aniko\/"},"41":{"name":"kutya","link":"https:\/\/vehirlife.hu\/index.php\/tag\/kutya\/"},"42":{"name":"kutyater\u00e1pia","link":"https:\/\/vehirlife.hu\/index.php\/tag\/kutyaterapia\/"}},"comments_number":"0","rttpg_featured_image_url":{"full":["https:\/\/vehirlife.hu\/wp-content\/uploads\/2023\/11\/janoska-anika_web-004.jpg",900,600,false],"landscape":["https:\/\/vehirlife.hu\/wp-content\/uploads\/2023\/11\/janoska-anika_web-004.jpg",900,600,false],"portraits":["https:\/\/vehirlife.hu\/wp-content\/uploads\/2023\/11\/janoska-anika_web-004.jpg",900,600,false],"thumbnail":["https:\/\/vehirlife.hu\/wp-content\/uploads\/2023\/11\/janoska-anika_web-004-150x150.jpg",150,150,true],"medium":["https:\/\/vehirlife.hu\/wp-content\/uploads\/2023\/11\/janoska-anika_web-004-300x200.jpg",300,200,true],"large":["https:\/\/vehirlife.hu\/wp-content\/uploads\/2023\/11\/janoska-anika_web-004.jpg",900,600,false],"1536x1536":["https:\/\/vehirlife.hu\/wp-content\/uploads\/2023\/11\/janoska-anika_web-004.jpg",900,600,false],"2048x2048":["https:\/\/vehirlife.hu\/wp-content\/uploads\/2023\/11\/janoska-anika_web-004.jpg",900,600,false],"cvmm-medium":["https:\/\/vehirlife.hu\/wp-content\/uploads\/2023\/11\/janoska-anika_web-004-300x300.jpg",300,300,true],"cvmm-medium-plus":["https:\/\/vehirlife.hu\/wp-content\/uploads\/2023\/11\/janoska-anika_web-004-305x207.jpg",305,207,true],"cvmm-portrait":["https:\/\/vehirlife.hu\/wp-content\/uploads\/2023\/11\/janoska-anika_web-004-400x600.jpg",400,600,true],"cvmm-medium-square":["https:\/\/vehirlife.hu\/wp-content\/uploads\/2023\/11\/janoska-anika_web-004-600x600.jpg",600,600,true],"cvmm-large":["https:\/\/vehirlife.hu\/wp-content\/uploads\/2023\/11\/janoska-anika_web-004.jpg",900,600,false],"cvmm-small":["https:\/\/vehirlife.hu\/wp-content\/uploads\/2023\/11\/janoska-anika_web-004-130x95.jpg",130,95,true]},"rttpg_author":{"display_name":false,"author_link":"https:\/\/vehirlife.hu\/index.php\/author\/admin_2uh85u12\/"},"rttpg_comment":0,"rttpg_category":"<a href=\"https:\/\/vehirlife.hu\/index.php\/category\/2023-osz\/\" rel=\"category tag\">2023 \u0151sz<\/a> <a href=\"https:\/\/vehirlife.hu\/index.php\/category\/caffe-latte\/\" rel=\"category tag\">Caff\u00e9 latte<\/a>","rttpg_excerpt":"Az \u00e1llatassziszt\u00e1lt \u00e9s f\u0151leg a kuty\u00e1kkal val\u00f3 ter\u00e1pia multidiszciplin\u00e1ris eredet\u0171, az \u00e1llatgy\u00f3gy\u00e1szat, a pszichol\u00f3gia, a szociol\u00f3gia, a pszichi\u00e1tria ter\u00fcleteit is \u00e9rinti. A modern vil\u00e1gban f\u0151leg hospice-ell\u00e1t\u00e1sban vagy gyermekfoglalkoz\u00e1sokon tal\u00e1lkozhatunk ezzel a ter\u00e1pi\u00e1s felfog\u00e1ssal, mely legink\u00e1bb motiv\u00e1ci\u00f3s \u00e9s prevenci\u00f3s jelleg\u0171.","_links":{"self":[{"href":"https:\/\/vehirlife.hu\/index.php\/wp-json\/wp\/v2\/posts\/1160","targetHints":{"allow":["GET"]}}],"collection":[{"href":"https:\/\/vehirlife.hu\/index.php\/wp-json\/wp\/v2\/posts"}],"about":[{"href":"https:\/\/vehirlife.hu\/index.php\/wp-json\/wp\/v2\/types\/post"}],"author":[{"embeddable":true,"href":"https:\/\/vehirlife.hu\/index.php\/wp-json\/wp\/v2\/users\/1"}],"replies":[{"embeddable":true,"href":"https:\/\/vehirlife.hu\/index.php\/wp-json\/wp\/v2\/comments?post=1160"}],"version-history":[{"count":32,"href":"https:\/\/vehirlife.hu\/index.php\/wp-json\/wp\/v2\/posts\/1160\/revisions"}],"predecessor-version":[{"id":1713,"href":"https:\/\/vehirlife.hu\/index.php\/wp-json\/wp\/v2\/posts\/1160\/revisions\/1713"}],"wp:featuredmedia":[{"embeddable":true,"href":"https:\/\/vehirlife.hu\/index.php\/wp-json\/wp\/v2\/media\/340"}],"wp:attachment":[{"href":"https:\/\/vehirlife.hu\/index.php\/wp-json\/wp\/v2\/media?parent=1160"}],"wp:term":[{"taxonomy":"category","embeddable":true,"href":"https:\/\/vehirlife.hu\/index.php\/wp-json\/wp\/v2\/categories?post=1160"},{"taxonomy":"post_tag","embeddable":true,"href":"https:\/\/vehirlife.hu\/index.php\/wp-json\/wp\/v2\/tags?post=1160"}],"curies":[{"name":"wp","href":"https:\/\/api.w.org\/{rel}","templated":true}]}}